{"id":44233,"date":"2018-03-14T11:13:18","date_gmt":"2018-03-14T14:13:18","guid":{"rendered":"http:\/\/caririemacao.com\/1\/?p=44233"},"modified":"2018-03-14T11:13:18","modified_gmt":"2018-03-14T14:13:18","slug":"deputada-alerta-que-se-nao-houver-mudancas-fundeb-acaba-em-2020","status":"publish","type":"post","link":"https:\/\/www.caririemacao.com\/1\/2018\/03\/14\/deputada-alerta-que-se-nao-houver-mudancas-fundeb-acaba-em-2020\/","title":{"rendered":"Deputada alerta que se n\u00e3o houver mudan\u00e7as, Fundeb acaba em 2020"},"content":{"rendered":"<p>A necessidade de tornar o Fundo de Manuten\u00e7\u00e3o e Desenvolvimento da Educa\u00e7\u00e3o B\u00e1sica e de Valoriza\u00e7\u00e3o dos Profissionais da Educa\u00e7\u00e3o (Fundeb) permanente e aumentar a complementa\u00e7\u00e3o da Uni\u00e3o foi debatida hoje (13) por secret\u00e1rios de Educa\u00e7\u00e3o estaduais, durante a reuni\u00e3o do Conselho Nacional de Secret\u00e1rios de Educa\u00e7\u00e3o (Consed), em Fortaleza. A deputada federal Dorinha Seabra Rezende (DEM-TO), que \u00e9 relatora da proposta de emenda \u00e0 Constitui\u00e7\u00e3o que traz essas mudan\u00e7as, lembrou que o Fundeb deve acabar em 2020, se n\u00e3o for aprovada uma altera\u00e7\u00e3o na Constitui\u00e7\u00e3o.<\/p>\n<p>\u201cSeria um caos para a educa\u00e7\u00e3o p\u00fablica. Em cerca de 1,8 mil munic\u00edpios mais pobres, quase a totalidade dos recursos investidos em educa\u00e7\u00e3o v\u00eam de fora, de complementa\u00e7\u00e3o do Fundeb. H\u00e1 munic\u00edpios que se n\u00e3o tiver o Fundeb n\u00e3o ter\u00e1 dinheiro para pagar pessoal, para o transporte escolar\u201d, alertou a deputada. A expectativa \u00e9 que a PEC seja aprovada na comiss\u00e3o especial at\u00e9 maio, depois da realiza\u00e7\u00e3o de audi\u00eancias p\u00fablicas. Mas ela n\u00e3o poder\u00e1 ser analisada pelo plen\u00e1rio do Congresso antes do fim da interven\u00e7\u00e3o federal na seguran\u00e7a do Rio de Janeiro.<\/p>\n<p>O substitutivo \u00e0 PEC apresentado pela deputada tamb\u00e9m prop\u00f5e o aumento do percentual da complementa\u00e7\u00e3o da Uni\u00e3o para o Fundeb, que atualmente \u00e9 de 10%, para no m\u00ednimo 15% no primeiro ano de vig\u00eancia da emenda constitucional, e amplia\u00e7\u00e3o progressiva de 1,5 ponto a cada ano, at\u00e9 alcan\u00e7ar o valor equivalente a, no m\u00ednimo, 30% do total de recursos.<\/p>\n<p>A deputada argumenta que as mudan\u00e7as n\u00e3o acarretam em aumento de despesas, apenas s\u00e3o uma l\u00f3gica diferente de distribui\u00e7\u00e3o dos recursos. \u201cQuando a gente olha os n\u00fameros que a Uni\u00e3o j\u00e1 gasta com a educa\u00e7\u00e3o b\u00e1sica, daria para suportar os 30%. Os estados e munic\u00edpios preferem receber os recursos no seu per capita, porque a\u00ed eles passam a ter autonomia\u201d.<\/p>\n<p>Os secret\u00e1rios reclamaram da forma como os recursos s\u00e3o distribu\u00eddos para os estados aplicarem em educa\u00e7\u00e3o. \u201cEssa rela\u00e7\u00e3o de depend\u00eancia imposta a estados e munic\u00edpios diz muito sobre a nossa hist\u00f3ria paternalista e clientelista. Sempre tem que ter algu\u00e9m em cima e outros com o pires pedindo emendas\u201d, disse a secret\u00e1ria de educa\u00e7\u00e3o do Rio Grande do Norte, Cl\u00e1udia Santa Rosa.<\/p>\n<p>O secret\u00e1rio de Educa\u00e7\u00e3o de Pernambuco, Fred Amancio, tamb\u00e9m defendeu o aumento dos repasses para os estados. \u201cA Uni\u00e3o tem sim que entrar com parcela muito maior. Eu nem gosto da palavra complementa\u00e7\u00e3o, porque parece que \u00e9 uma ajuda da Uni\u00e3o, e n\u00e3o \u00e9, os recursos s\u00e3o da popula\u00e7\u00e3o brasileira, \u00e9 uma obriga\u00e7\u00e3o, n\u00e3o \u00e9 uma ajuda\u201d, disse.<\/p>\n<p>A deputada pediu ajuda dos secret\u00e1rios para fechar um texto que agrade os estados e possa ser aprovado no Congresso Nacional. \u201cN\u00e3o \u00e9 novidade que vamos lutar contra o pessoal da [Minist\u00e9rio] Fazenda. Por isso precisamos de ajuda para fazer press\u00e3o sobre deputados federais e senadores\u201d, disse Dorinha Seabra.<\/p>\n<p><strong>CARIRI EM A\u00c7\u00c3O<\/strong><\/p>\n<p><em>Com EBC\/Foto:Divulga\u00e7\u00e3o \u00a0<\/em><\/p>\n<p><strong>Leia mais not\u00edcias em\u00a0<\/strong><a href=\"http:\/\/www.caririemacao.com\/\"><strong>caririemacao.com<\/strong><\/a><strong>, siga nossa p\u00e1gina no\u00a0<\/strong><a href=\"https:\/\/www.facebook.com\/CaririEmAcao\/?ref=aymt_homepage_panel\"><strong>Facebook<\/strong><\/a>,<strong>\u00a0<\/strong><a href=\"https:\/\/www.instagram.com\/cariri_em_acao\/?hl=pt-br\"><strong>Instagram<\/strong><\/a><strong>\u00a0e <\/strong><a href=\"https:\/\/www.youtube.com\/channel\/UCAptA0jQuYQy8vMhLt2m4qg\"><strong>Youtube<\/strong><\/a><strong>\u00a0e veja nossas mat\u00e9rias, v\u00eddeos e fotos. Voc\u00ea tamb\u00e9m pode enviar informa\u00e7\u00f5es \u00e0 Reda\u00e7\u00e3o do Portal Cariri em A\u00e7\u00e3o pelo WhatsApp (83) 9 9634.5791, (83) 9 9601-1162.<\/strong><\/p>\n","protected":false},"excerpt":{"rendered":"<p>A necessidade de tornar o Fundo de Manuten\u00e7\u00e3o e Desenvolvimento da Educa\u00e7\u00e3o B\u00e1sica e de Valoriza\u00e7\u00e3o dos Profissionais da Educa\u00e7\u00e3o (Fundeb) permanente e aumentar a&hellip; <\/p>\n","protected":false},"author":2,"featured_media":44234,"comment_status":"closed","ping_status":"closed","sticky":false,"template":"","format":"standard","meta":{"sfsi_plus_gutenberg_text_before_share":"","sfsi_plus_gutenberg_show_text_before_share":"","sfsi_plus_gutenberg_icon_type":"","sfsi_plus_gutenberg_icon_alignemt":"","sfsi_plus_gutenburg_max_per_row":"","footnotes":""},"categories":[14],"tags":[],"class_list":["post-44233","post","type-post","status-publish","format-standard","has-post-thumbnail","hentry","category-educacao"],"_links":{"self":[{"href":"https:\/\/www.caririemacao.com\/1\/wp-json\/wp\/v2\/posts\/44233","targetHints":{"allow":["GET"]}}],"collection":[{"href":"https:\/\/www.caririemacao.com\/1\/wp-json\/wp\/v2\/posts"}],"about":[{"href":"https:\/\/www.caririemacao.com\/1\/wp-json\/wp\/v2\/types\/post"}],"author":[{"embeddable":true,"href":"https:\/\/www.caririemacao.com\/1\/wp-json\/wp\/v2\/users\/2"}],"replies":[{"embeddable":true,"href":"https:\/\/www.caririemacao.com\/1\/wp-json\/wp\/v2\/comments?post=44233"}],"version-history":[{"count":0,"href":"https:\/\/www.caririemacao.com\/1\/wp-json\/wp\/v2\/posts\/44233\/revisions"}],"wp:featuredmedia":[{"embeddable":true,"href":"https:\/\/www.caririemacao.com\/1\/wp-json\/wp\/v2\/media\/44234"}],"wp:attachment":[{"href":"https:\/\/www.caririemacao.com\/1\/wp-json\/wp\/v2\/media?parent=44233"}],"wp:term":[{"taxonomy":"category","embeddable":true,"href":"https:\/\/www.caririemacao.com\/1\/wp-json\/wp\/v2\/categories?post=44233"},{"taxonomy":"post_tag","embeddable":true,"href":"https:\/\/www.caririemacao.com\/1\/wp-json\/wp\/v2\/tags?post=44233"}],"curies":[{"name":"wp","href":"https:\/\/api.w.org\/{rel}","templated":true}]}}