{"id":44236,"date":"2018-03-14T11:20:05","date_gmt":"2018-03-14T14:20:05","guid":{"rendered":"http:\/\/caririemacao.com\/1\/?p=44236"},"modified":"2018-03-14T11:20:05","modified_gmt":"2018-03-14T14:20:05","slug":"aberta-inscricao-para-monitor-no-projeto-informacao-e-cidadania-digital","status":"publish","type":"post","link":"https:\/\/www.caririemacao.com\/1\/2018\/03\/14\/aberta-inscricao-para-monitor-no-projeto-informacao-e-cidadania-digital\/","title":{"rendered":"Aberta inscri\u00e7\u00e3o para monitor no Projeto Informa\u00e7\u00e3o e Cidadania Digital"},"content":{"rendered":"<p>Est\u00e3o abertas no Centro de Desenvolvimento Sustent\u00e1vel do Semi\u00e1rido da UFCG as inscri\u00e7\u00f5es de estudantes para atuarem como monitor nos cursos de inform\u00e1tica aplicada direcionadas para a comunidade do Cariri, promovido pelo Projeto Informa\u00e7\u00e3o e Cidadania Digital (INCID).<\/p>\n<p>Para participar, \u00e9 preciso ter conclu\u00eddo a disciplina de &#8220;Inform\u00e1tica b\u00e1sica&#8221; ou &#8220;Introdu\u00e7\u00e3o \u00e0 Ci\u00eancia da Computa\u00e7\u00e3o&#8221;. As inscri\u00e7\u00f5es ocorrer\u00e3o de 15 a 23 de mar\u00e7o pelo email:\u00a0<span id=\"cloak33ff97a6fc710b4ac745ec86cc621132\"><a href=\"mailto:incidcursos@gmail.com\">incidcursos@gmail.com<\/a><\/span>. \u00c9 necess\u00e1rio apenas enviar nome, telefone e matr\u00edcula institucional na UFCG.<\/p>\n<p>No dia 11 de abril pr\u00f3ximo, \u00e0s 18h, haver\u00e1 o primeiro encontro com todos os membros selecionados para apresenta\u00e7\u00e3o do projeto.<\/p>\n<p><strong>CARIRI EM A\u00c7\u00c3O<\/strong><\/p>\n<p><em>Com Assimp CDSA\/UFCG \/Foto: Reprodu\u00e7\u00e3o Internet<\/em><\/p>\n<p><strong>Leia mais not\u00edcias em\u00a0<\/strong><a href=\"http:\/\/www.caririemacao.com\/\"><strong>caririemacao.com<\/strong><\/a><strong>, siga nossa p\u00e1gina no\u00a0<\/strong><a href=\"https:\/\/www.facebook.com\/CaririEmAcao\/?ref=aymt_homepage_panel\"><strong>Facebook<\/strong><\/a>,<strong>\u00a0<\/strong><a href=\"https:\/\/www.instagram.com\/cariri_em_acao\/?hl=pt-br\"><strong>Instagram<\/strong><\/a><strong>\u00a0e <\/strong><a href=\"https:\/\/www.youtube.com\/channel\/UCAptA0jQuYQy8vMhLt2m4qg\"><strong>Youtube<\/strong><\/a><strong>\u00a0e veja nossas mat\u00e9rias, v\u00eddeos e fotos. Voc\u00ea tamb\u00e9m pode enviar informa\u00e7\u00f5es \u00e0 Reda\u00e7\u00e3o do Portal Cariri em A\u00e7\u00e3o pelo WhatsApp (83) 9 9634.5791, (83) 9 9601-1162.<\/strong><\/p>\n","protected":false},"excerpt":{"rendered":"<p>Est\u00e3o abertas no Centro de Desenvolvimento Sustent\u00e1vel do Semi\u00e1rido da UFCG as inscri\u00e7\u00f5es de estudantes para atuarem como monitor nos cursos de inform\u00e1tica aplicada direcionadas&hellip; <\/p>\n","protected":false},"author":2,"featured_media":42382,"comment_status":"closed","ping_status":"closed","sticky":false,"template":"","format":"standard","meta":{"sfsi_plus_gutenberg_text_before_share":"","sfsi_plus_gutenberg_show_text_before_share":"","sfsi_plus_gutenberg_icon_type":"","sfsi_plus_gutenberg_icon_alignemt":"","sfsi_plus_gutenburg_max_per_row":"","footnotes":""},"categories":[14],"tags":[],"class_list":["post-44236","post","type-post","status-publish","format-standard","has-post-thumbnail","hentry","category-educacao"],"_links":{"self":[{"href":"https:\/\/www.caririemacao.com\/1\/wp-json\/wp\/v2\/posts\/44236","targetHints":{"allow":["GET"]}}],"collection":[{"href":"https:\/\/www.caririemacao.com\/1\/wp-json\/wp\/v2\/posts"}],"about":[{"href":"https:\/\/www.caririemacao.com\/1\/wp-json\/wp\/v2\/types\/post"}],"author":[{"embeddable":true,"href":"https:\/\/www.caririemacao.com\/1\/wp-json\/wp\/v2\/users\/2"}],"replies":[{"embeddable":true,"href":"https:\/\/www.caririemacao.com\/1\/wp-json\/wp\/v2\/comments?post=44236"}],"version-history":[{"count":0,"href":"https:\/\/www.caririemacao.com\/1\/wp-json\/wp\/v2\/posts\/44236\/revisions"}],"wp:featuredmedia":[{"embeddable":true,"href":"https:\/\/www.caririemacao.com\/1\/wp-json\/wp\/v2\/media\/42382"}],"wp:attachment":[{"href":"https:\/\/www.caririemacao.com\/1\/wp-json\/wp\/v2\/media?parent=44236"}],"wp:term":[{"taxonomy":"category","embeddable":true,"href":"https:\/\/www.caririemacao.com\/1\/wp-json\/wp\/v2\/categories?post=44236"},{"taxonomy":"post_tag","embeddable":true,"href":"https:\/\/www.caririemacao.com\/1\/wp-json\/wp\/v2\/tags?post=44236"}],"curies":[{"name":"wp","href":"https:\/\/api.w.org\/{rel}","templated":true}]}}