{"id":44238,"date":"2018-03-14T11:25:53","date_gmt":"2018-03-14T14:25:53","guid":{"rendered":"http:\/\/caririemacao.com\/1\/?p=44238"},"modified":"2018-03-14T11:28:33","modified_gmt":"2018-03-14T14:28:33","slug":"fibromialgia-sintomas-tratamentos-e-causas","status":"publish","type":"post","link":"https:\/\/www.caririemacao.com\/1\/2018\/03\/14\/fibromialgia-sintomas-tratamentos-e-causas\/","title":{"rendered":"Fibromialgia: sintomas, tratamentos e causas"},"content":{"rendered":"<div id=\"visao-geral\" class=\"ancora\">\n<div id=\"visao-geral-collapse\" class=\"accordion-um-conteudo ad-scroll-lock-limit\">\n<div id=\"11\">\n<p class=\"accordion-dois\"><strong>O que \u00e9 Fibromialgia?<\/strong><\/p>\n<div id=\"11-collapse\" class=\"accordion-dois-conteudo\">\n<p>Fibromialgia \u00e9 uma s\u00edndrome comum em que a pessoa sente dores por todo o corpo durante longos per\u00edodos, com sensibilidade nas articula\u00e7\u00f5es, nos m\u00fasculos, tend\u00f5es e em outros tecidos moles.<\/p>\n<div id=\"textad\">\n<div id=\"textad-ad\" data-google-query-id=\"CP6e8YeB7NkCFUwOhgodO5UA2A\"><\/div>\n<\/div>\n<div id=\"squaretop\">\n<div class=\"publicidade\"><\/div>\n<div id=\"squaretop-ad\" data-google-query-id=\"CKWR9YeB7NkCFRcbHwodbKgCiw\">\n<div id=\"google_ads_iframe_\/1085151\/_ros_square_top_0__container__\">A fibromialgia est\u00e1 diretamente ligada tamb\u00e9m \u00e0 fadiga, dist\u00farbios do sono, dores de cabe\u00e7a,\u00a0depress\u00e3o\u00a0e\u00a0ansiedade.<\/div>\n<\/div>\n<\/div>\n<div id=\"textad\">\n<div id=\"textad-ad\">\u00a0Pesquisadores acreditam que a s\u00edndrome \u00e9 causada por um descontrole na forma como o c\u00e9rebro processa os sinais de dor.<\/div>\n<\/div>\n<div class=\"box-saiba-mais\"><\/div>\n<div id=\"textad\">\n<div id=\"textad-ad\"><\/div>\n<\/div>\n<\/div>\n<\/div>\n<div id=\"12\">\n<p class=\"accordion-dois\"><strong>Causas<\/strong><\/p>\n<div id=\"12-collapse\" class=\"accordion-dois-conteudo\">\n<div>\n<p>As causas da fibromialgia ainda s\u00e3o desconhecidas, mas existem v\u00e1rios fatores que est\u00e3o frequentemente associados a esta s\u00edndrome. Confira:<\/p>\n<ul>\n<li>Gen\u00e9tica: fibromialgia \u00e9 muito recorrente em pessoas da mesma fam\u00edlia, o que pode ser um indicador de que existem algumas muta\u00e7\u00f5es gen\u00e9ticas capazes de causar a s\u00edndrome<\/li>\n<li>Infec\u00e7\u00f5es por v\u00edrus e doen\u00e7as autoimunes tamb\u00e9m podem estar envolvidas nas causas da fibromialgia<\/li>\n<li>Dist\u00farbios do sono, sedentarismo, ansiedade e depress\u00e3o tamb\u00e9m podem estar ligados de alguma forma \u00e0 s\u00edndrome.<\/li>\n<\/ul>\n<\/div>\n<\/div>\n<\/div>\n<div id=\"110\">\n<p class=\"accordion-dois\"><strong>Fatores de risco<\/strong><\/p>\n<div id=\"110-collapse\" class=\"accordion-dois-conteudo\">\n<div>\n<p>Os m\u00e9dicos alertam para alguns fatores de risco que facilitam o surgimento de fibromialgia. Confira:<\/p>\n<ul>\n<li>Sexo: a s\u00edndrome \u00e9 mais comum em mulheres do que em homens, em especial naquelas entre 20 e 50 anos<\/li>\n<li>Hist\u00f3rico familiar: a doen\u00e7a \u00e9 recorrente entre membros de uma mesma fam\u00edlia, indicando que talvez exista algum fator gen\u00e9tico envolvido nas suas causas.<\/li>\n<\/ul>\n<\/div>\n<div id=\"square1\"><\/div>\n<\/div>\n<\/div>\n<\/div>\n<\/div>\n<div id=\"sintomas\" class=\"ancora\">\n<p class=\"accordion-um\"><strong>Sintomas de Fibromialgia<\/strong><\/p>\n<div id=\"sintomas-collapse\" class=\"accordion-um-conteudo ad-scroll-lock-limit\">\n<div id=\"23\">\n<div id=\"23-collapse\" class=\"accordion-dois-conteudo\">\n<div>\n<p>Confira os principais sintomas da fibromialgia:<\/p>\n<ul>\n<li>Dor generalizada: a dor associada \u00e0 fibromialgia \u00e9 constantemente descrita como uma dor presente em diversas partes do corpo e que demoram pelo menos tr\u00eas meses para passar<\/li>\n<li>Fadiga: pessoas portadores dessa s\u00edndrome frequentemente acordam j\u00e1 se sentindo cansadas, mesmo que tenham dormido por muitas horas. O sono tamb\u00e9m \u00e9 constantemente interrompido por causa da dor, e muitos pacientes apresentam outros problemas relativos ao sono, a exemplo da\u00a0apneia\u00a0e ins\u00f4nia<\/li>\n<li>Dificuldades cognitivas: para os portadores de fibromialgia, \u00e9 mais dif\u00edcil se concentrar, prestar aten\u00e7\u00e3o e focar em atividades que demandem esfor\u00e7o mental<\/li>\n<li>Dor de cabe\u00e7a recorrente ou enxaqueca cl\u00e1ssica, dor p\u00e9lvica e dor abdominal sem causa identificada (S\u00edndrome do intestino irrit\u00e1vel)<\/li>\n<li>Problemas de mem\u00f3ria e de concentra\u00e7\u00e3o<\/li>\n<li>Dorm\u00eancia e formigamento\u00a0nas m\u00e3os e nos p\u00e9s<\/li>\n<li>Palpita\u00e7\u00f5es<\/li>\n<li>Redu\u00e7\u00e3o na capacidade de se exercitar.<\/li>\n<\/ul>\n<\/div>\n<div id=\"textad2\">\n<div id=\"textad2-ad\" data-google-query-id=\"CN_48oeB7NkCFY0Whgod3y4NfQ\"><\/div>\n<\/div>\n<\/div>\n<\/div>\n<\/div>\n<\/div>\n<div id=\"diagnostico-e-exames\" class=\"ancora\">\n<h4 class=\"accordion-um\"><\/h4>\n<div id=\"diagnostico-e-exames-collapse\" class=\"accordion-um-conteudo ad-scroll-lock-limit\">\n<div id=\"323\">\n<p class=\"accordion-dois\"><strong>Buscando ajuda m\u00e9dica<\/strong><\/p>\n<div id=\"323-collapse\" class=\"accordion-dois-conteudo\">\n<div>\n<p>Os sintomas de fibromialgia s\u00e3o muito similares a sintomas de outras s\u00edndromes. Geralmente ele \u00e9 feito por um reumatologista.<\/p>\n<p>Por isso, \u00e9 importante que, durante da consulta, voc\u00ea:<\/p>\n<ul>\n<li>Descreva todos os seus sintomas e a intensidade das dores que sente<\/li>\n<li>Fale sobre problemas m\u00e9dicos que teve no passado, bem como o de seus parentes<\/li>\n<li>Relate todos os medicamentos e suplementos que toma.<\/li>\n<\/ul>\n<p>Diga ao m\u00e9dico se tem problemas ao dormir. Ele dever\u00e1 perguntar tamb\u00e9m sobre eventuais sintomas de depress\u00e3o e ansiedade.<\/p>\n<\/div>\n<\/div>\n<\/div>\n<div id=\"34\">\n<p class=\"accordion-dois\"><strong>Diagn\u00f3stico de Fibromialgia<\/strong><\/p>\n<div id=\"34-collapse\" class=\"accordion-dois-conteudo\">\n<div>\n<p>O diagn\u00f3stico da fibromialgia \u00e9 feito clinicamente (por meio da hist\u00f3ria dos sintomas e do exame f\u00edsico) N\u00e3o existem testes laboratoriais que possam realizar o diagn\u00f3stico, mas o m\u00e9dico pode solicitar exames de sangue para que outras doen\u00e7as, com sintomas e caracter\u00edsticas parecidos, sejam descartadas entre os poss\u00edveis diagn\u00f3sticos.<\/p>\n<\/div>\n<\/div>\n<\/div>\n<\/div>\n<\/div>\n<div id=\"tratamento-e-cuidados\" class=\"ancora\">\n<div id=\"tratamento-e-cuidados-collapse\" class=\"accordion-um-conteudo ad-scroll-lock-limit\">\n<div id=\"45\">\n<p class=\"accordion-dois\"><strong>Tratamento de Fibromialgia<\/strong><\/p>\n<div id=\"45-collapse\" class=\"accordion-dois-conteudo\">\n<p>O tratamento de fibromialgia \u00e9 mais eficaz quando s\u00e3o unidos medicamentos e cuidados n\u00e3o medicamentosos. O foco \u00e9 evitar a incapacidade f\u00edsica, minimizar os sintomas e melhorar a sa\u00fade de modo geral.<\/p>\n<div id=\"player-wrapper-71464895672618400\" class=\"jw-ad-visible\">\n<div id=\"player-label-71464895672618400\">O tratamento pode envolver:<\/div>\n<\/div>\n<ul>\n<li>Fisioterapia<\/li>\n<li>Programa de exerc\u00edcios e preparo f\u00edsico<\/li>\n<li>M\u00e9todos para al\u00edvio de estresse, incluindo massagem leve e t\u00e9cnicas de relaxamento<\/li>\n<li>Terapia cognitivo comportamental.<\/li>\n<\/ul>\n<p>Existem v\u00e1rias classes de medicamentos que s\u00e3o utilizados em conjunto com o tratamento n\u00e3o medicamentoso. As drogas mais utilizadas s\u00e3o analg\u00e9sicos de a\u00e7\u00e3o central, incluindo algumas drogas antidepressivas e antiepil\u00e9pticas que t\u00eam esta a\u00e7\u00e3o analg\u00e9sica. Medicamentos para melhorarem o padr\u00e3o do sono e miorrelaxantes tamb\u00e9m s\u00e3o, frequentemente, utilizados isoladamente ou em conjunto com medicamentos analg\u00e9sicos.<\/p>\n<p>A terapia cognitivo-comportamental \u00e9 uma parte importante do tratamento. Com ela, voc\u00ea aprender\u00e1 a:<\/p>\n<ul>\n<li>Lidar com pensamentos negativos<\/li>\n<li>Manter um di\u00e1rio de seus sintomas e dores<\/li>\n<li>Reconhecer o que agrava seus sintomas<\/li>\n<li>Buscar praticar atividades agrad\u00e1veis<\/li>\n<li>Estabelecer limites.<\/li>\n<\/ul>\n<p>Os grupos de apoio tamb\u00e9m podem ser \u00fateis.<\/p>\n<p>Entre outras recomenda\u00e7\u00f5es est\u00e3o:<\/p>\n<ul>\n<li>Seguir uma dieta bem balanceada<\/li>\n<li>Evitar cafe\u00edna<\/li>\n<li>Manter uma boa rotina de descanso para melhorar a qualidade do sono<\/li>\n<li>Acupress\u00e3o e acupuntura.<\/li>\n<\/ul>\n<p>Os casos graves de fibromialgia podem ser encaminhados a uma cl\u00ednica especializada em dor.<\/p>\n<\/div>\n<\/div>\n<div id=\"493\">\n<p class=\"accordion-dois\"><strong>Medicamentos para Fibromialgia<\/strong><\/p>\n<div id=\"493-collapse\" class=\"accordion-dois-conteudo\">\n<div>\n<p>Os medicamentos mais usados para o tratamento de fibromialgia s\u00e3o:<\/p>\n<ul>\n<li>Alginac<\/li>\n<li>Ciclobenzaprina<\/li>\n<li>Cymbalta<\/li>\n<li>Lyrica<\/li>\n<li>Miosan<\/li>\n<li>Mirtax<\/li>\n<li>Musculare<\/li>\n<li>Nimesulida.<\/li>\n<\/ul>\n<p>Somente um m\u00e9dico pode dizer qual o medicamento mais indicado para o seu caso, bem como a dosagem correta e a dura\u00e7\u00e3o do tratamento. Siga sempre \u00e0 risca as orienta\u00e7\u00f5es do seu m\u00e9dico e NUNCA se automedique. N\u00e3o interrompa o uso do medicamento sem consultar um m\u00e9dico antes e, se tom\u00e1-lo mais de uma vez ou em quantidades muito maiores do que a prescrita, siga as instru\u00e7\u00f5es na bula.<\/p>\n<\/div>\n<\/div>\n<\/div>\n<\/div>\n<\/div>\n<div id=\"convivendo-prognostico\" class=\"ancora\">\n<div id=\"convivendo-prognostico-collapse\" class=\"accordion-um-conteudo ad-scroll-lock-limit\">\n<div id=\"58\">\n<p class=\"accordion-dois\"><strong>Convivendo\/ Progn\u00f3stico<\/strong><\/p>\n<div id=\"58-collapse\" class=\"accordion-dois-conteudo\">\n<p>A fibromialgia \u00e9 uma s\u00edndrome de longa dura\u00e7\u00e3o com flutua\u00e7\u00f5es frequentes na intensidade da dor. Seguindo o tratamento corretamente e tomando os devidos cuidados dentro de casa, os sintomas tendem a melhorar. Mais importante ainda: com os devidos cuidados, a pessoa com fibromialgia n\u00e3o perde sua capacidade funcional.<\/p>\n<div class=\"box-saiba-mais\">\n<p>&nbsp;<\/p>\n<\/div>\n<p>Em casa, voc\u00ea pode tomar algumas medidas para ajudar no tratamento e a conviver melhor com a doen\u00e7a. Veja exemplos:<\/p>\n<ul>\n<li>Reduza o estresse di\u00e1rio<\/li>\n<li>Durma o suficiente para estar descansado no dia seguinte<\/li>\n<li>Exercite-se regularmente<\/li>\n<li>Mantenha um mesmo ritmo de vida<\/li>\n<li>Preserve um estilo de vida saud\u00e1vel.<\/li>\n<\/ul>\n<p><strong>CARIRI EM A\u00c7\u00c3O<\/strong><\/p>\n<p><em>Com Vida Melhor\/Foto: Reprodu\u00e7\u00e3o Internet<\/em><\/p>\n<p><strong>Leia mais not\u00edcias em\u00a0<\/strong><a href=\"http:\/\/www.caririemacao.com\/\"><strong>caririemacao.com<\/strong><\/a><strong>, siga nossa p\u00e1gina no\u00a0<\/strong><a href=\"https:\/\/www.facebook.com\/CaririEmAcao\/?ref=aymt_homepage_panel\"><strong>Facebook<\/strong><\/a>,<strong>\u00a0<\/strong><a href=\"https:\/\/www.instagram.com\/cariri_em_acao\/?hl=pt-br\"><strong>Instagram<\/strong><\/a><strong>\u00a0e <\/strong><a href=\"https:\/\/www.youtube.com\/channel\/UCAptA0jQuYQy8vMhLt2m4qg\"><strong>Youtube<\/strong><\/a><strong>\u00a0e veja nossas mat\u00e9rias, v\u00eddeos e fotos. Voc\u00ea tamb\u00e9m pode enviar informa\u00e7\u00f5es \u00e0 Reda\u00e7\u00e3o do Portal Cariri em A\u00e7\u00e3o pelo WhatsApp (83) 9 9634.5791, (83) 9 9601-1162.<\/strong><\/p>\n<\/div>\n<\/div>\n<\/div>\n<\/div>\n","protected":false},"excerpt":{"rendered":"<p>O que \u00e9 Fibromialgia? Fibromialgia \u00e9 uma s\u00edndrome comum em que a pessoa sente dores por todo o corpo durante longos per\u00edodos, com sensibilidade nas&hellip; <\/p>\n","protected":false},"author":2,"featured_media":44239,"comment_status":"closed","ping_status":"closed","sticky":false,"template":"","format":"standard","meta":{"sfsi_plus_gutenberg_text_before_share":"","sfsi_plus_gutenberg_show_text_before_share":"","sfsi_plus_gutenberg_icon_type":"","sfsi_plus_gutenberg_icon_alignemt":"","sfsi_plus_gutenburg_max_per_row":"","footnotes":""},"categories":[16],"tags":[],"class_list":["post-44238","post","type-post","status-publish","format-standard","has-post-thumbnail","hentry","category-saude"],"_links":{"self":[{"href":"https:\/\/www.caririemacao.com\/1\/wp-json\/wp\/v2\/posts\/44238","targetHints":{"allow":["GET"]}}],"collection":[{"href":"https:\/\/www.caririemacao.com\/1\/wp-json\/wp\/v2\/posts"}],"about":[{"href":"https:\/\/www.caririemacao.com\/1\/wp-json\/wp\/v2\/types\/post"}],"author":[{"embeddable":true,"href":"https:\/\/www.caririemacao.com\/1\/wp-json\/wp\/v2\/users\/2"}],"replies":[{"embeddable":true,"href":"https:\/\/www.caririemacao.com\/1\/wp-json\/wp\/v2\/comments?post=44238"}],"version-history":[{"count":0,"href":"https:\/\/www.caririemacao.com\/1\/wp-json\/wp\/v2\/posts\/44238\/revisions"}],"wp:featuredmedia":[{"embeddable":true,"href":"https:\/\/www.caririemacao.com\/1\/wp-json\/wp\/v2\/media\/44239"}],"wp:attachment":[{"href":"https:\/\/www.caririemacao.com\/1\/wp-json\/wp\/v2\/media?parent=44238"}],"wp:term":[{"taxonomy":"category","embeddable":true,"href":"https:\/\/www.caririemacao.com\/1\/wp-json\/wp\/v2\/categories?post=44238"},{"taxonomy":"post_tag","embeddable":true,"href":"https:\/\/www.caririemacao.com\/1\/wp-json\/wp\/v2\/tags?post=44238"}],"curies":[{"name":"wp","href":"https:\/\/api.w.org\/{rel}","templated":true}]}}