{"id":44246,"date":"2018-03-14T11:36:06","date_gmt":"2018-03-14T14:36:06","guid":{"rendered":"http:\/\/caririemacao.com\/1\/?p=44246"},"modified":"2018-03-14T11:36:06","modified_gmt":"2018-03-14T14:36:06","slug":"pesquisa-poe-jp-e-cg-entre-as-mais-violentas-do-mundo","status":"publish","type":"post","link":"https:\/\/www.caririemacao.com\/1\/2018\/03\/14\/pesquisa-poe-jp-e-cg-entre-as-mais-violentas-do-mundo\/","title":{"rendered":"Pesquisa p\u00f5e JP e CG entre as mais violentas do mundo"},"content":{"rendered":"<p>Todos os anos a ONG mexicana Conselho Cidad\u00e3o pela Seguridade Social P\u00fablica e Justi\u00e7a Penal apresenta uma rela\u00e7\u00e3o das cidades mais violentas do mundo. A nova edi\u00e7\u00e3o do estudo, divulgada esta semana, baseada no n\u00famero de homic\u00eddios do ano de 2017, colocou Jo\u00e3o Pessoa e Campina Grande entre as 50 cidades com maiores taxas de homic\u00eddios do planeta. O estudo \u00e9 baseado em dados oficiais divulgados pelos governos locais e nacionais. Com rela\u00e7\u00e3o ao ranking anterior, Jo\u00e3o Pessoa melhorou 13 posi\u00e7\u00f5es, passando para a 30\u00aa coloca\u00e7\u00e3o. J\u00e1 Campina Grande havia sa\u00eddo do ranking e retornou na edi\u00e7\u00e3o deste ano, na 47\u00aa posi\u00e7\u00e3o.<\/p>\n<p>O Nordeste \u00e9 a regi\u00e3o do pa\u00eds que abriga o maior n\u00famero de cidades violentas. Das nove capitais do Nordeste, oito aparecem no ranking, onde s\u00f3 n\u00e3o est\u00e1 S\u00e3o Luiz (MA). Dos oito estados nordestinos citados, apenas Bahia e Para\u00edba t\u00eam mais de uma cidade entre as 50. O estudo n\u00e3o faz an\u00e1lise das caracter\u00edsticas da viol\u00eancia em cada cidade. No caso das cidades que t\u00eam oficialmente reconhecida uma regi\u00e3o metropolitana, a pesquisa leva em conta os dados das cidades que comp\u00f5em a regi\u00e3o.<\/p>\n<p>Com base na metodologia das regi\u00f5es metropolitanas, os dados de Jo\u00e3o Pessoa foram somados aos assassinatos ocorridos tamb\u00e9m nas cidades de Bayeux, Santa Rita, Cabedelo e Lucena. Com isso, a capital paraibana \u00e9 detentora de uma taxa de 49,17 assassinatos por cada 100 mil habitantes, ficando \u00e0 frente de regi\u00f5es mais populosas do mundo como Detroit e New Orleans (EUA), Durban (\u00c1frica do Sul), e C\u00facuta (Col\u00f4mbia), al\u00e9m de diversas cidades de Honduras, M\u00e9xico, Porto Rico e Venezuela.<\/p>\n<p>J\u00e1 Campina Grande aparece com uma taxa de 37,29 assassinatos para cada 100 mil habitantes, resultado de 153 homic\u00eddios em 2017. A cidade paraibana ficou \u00e0 frente de Teresina (PI), Vit\u00f3ria (ES) e C\u00facuta (Col\u00f4mbia) no grupo das 50 mais violentas do mundo.<\/p>\n<p>Na apresenta\u00e7\u00e3o, os respons\u00e1veis pela pesquisa dizem que o objetivo do ranking \u00e9 &#8220;chamar a aten\u00e7\u00e3o para a viol\u00eancia nas cidades, particularmente na Am\u00e9rica Latina, para que os governantes possam se ver pressionados a cumprir o dever de proteger os cidad\u00e3os, garantindo o direito de seguran\u00e7a p\u00fablica&#8221;. Procurado pela reportagem do Correio, o secret\u00e1rio executivo de Seguran\u00e7a da Para\u00edba, Jean Nunes, afirmou que a secretaria vai analisar os dados para poder e posicionar. \u201cConhe\u00e7o a organiza\u00e7\u00e3o que fez o estudo, mas ainda n\u00e3o cheguei a ver o documento atual\u201d, afirmou.<\/p>\n<p>As capitais nordestinas entre as 50 mais:<\/p>\n<table>\n<tbody>\n<tr>\n<td width=\"81\">POSI\u00c7\u00c3O<\/td>\n<td width=\"192\">CIDADE<\/td>\n<td width=\"165\">TAXA DE HOMIC\u00cdDIOS<\/td>\n<\/tr>\n<tr>\n<td width=\"81\">4\u00aa<\/td>\n<td width=\"192\">Natal (RN)<\/td>\n<td width=\"165\">102,56<\/td>\n<\/tr>\n<tr>\n<td width=\"81\">7\u00aa<\/td>\n<td width=\"192\">Fortaleza (CE)<\/td>\n<td width=\"165\">83,48<\/td>\n<\/tr>\n<tr>\n<td width=\"81\">14\u00aa<\/td>\n<td width=\"192\">Macei\u00f3 (AL)<\/td>\n<td width=\"165\">63,94<\/td>\n<\/tr>\n<tr>\n<td width=\"81\">18\u00aa<\/td>\n<td width=\"192\">Aracaju (SE)<\/td>\n<td width=\"165\">58,88<\/td>\n<\/tr>\n<tr>\n<td width=\"81\">22\u00aa<\/td>\n<td width=\"192\">Recife (PE)<\/td>\n<td width=\"165\">54,96<\/td>\n<\/tr>\n<tr>\n<td width=\"81\">25\u00aa<\/td>\n<td width=\"192\">Salvador (BA)<\/td>\n<td width=\"165\">51,18<\/td>\n<\/tr>\n<tr>\n<td width=\"81\">30\u00aa<\/td>\n<td width=\"192\">Jo\u00e3o Pessoa (PB)<\/td>\n<td width=\"165\">49,17<\/td>\n<\/tr>\n<tr>\n<td width=\"81\">48\u00aa<\/td>\n<td width=\"192\">Teresina (PI)<\/td>\n<td width=\"165\">37,05<\/td>\n<\/tr>\n<\/tbody>\n<\/table>\n<p><strong>CARIRI EM A\u00c7\u00c3O<\/strong><\/p>\n<p><em>Com Correio da Para\u00edba\/Foto: Reprodu\u00e7\u00e3o Internet\u00a0<\/em><\/p>\n<p><strong>Leia mais not\u00edcias em\u00a0<\/strong><a href=\"http:\/\/www.caririemacao.com\/\"><strong>caririemacao.com<\/strong><\/a><strong>, siga nossa p\u00e1gina no\u00a0<\/strong><a href=\"https:\/\/www.facebook.com\/CaririEmAcao\/?ref=aymt_homepage_panel\"><strong>Facebook<\/strong><\/a>,<strong>\u00a0<\/strong><a href=\"https:\/\/www.instagram.com\/cariri_em_acao\/?hl=pt-br\"><strong>Instagram<\/strong><\/a><strong>\u00a0e <\/strong><a href=\"https:\/\/www.youtube.com\/channel\/UCAptA0jQuYQy8vMhLt2m4qg\"><strong>Youtube<\/strong><\/a><strong>\u00a0e veja nossas mat\u00e9rias, v\u00eddeos e fotos. Voc\u00ea tamb\u00e9m pode enviar informa\u00e7\u00f5es \u00e0 Reda\u00e7\u00e3o do Portal Cariri em A\u00e7\u00e3o pelo WhatsApp (83) 9 9634.5791, (83) 9 9601-1162.<\/strong><\/p>\n","protected":false},"excerpt":{"rendered":"<p>Todos os anos a ONG mexicana Conselho Cidad\u00e3o pela Seguridade Social P\u00fablica e Justi\u00e7a Penal apresenta uma rela\u00e7\u00e3o das cidades mais violentas do mundo. A&hellip; <\/p>\n","protected":false},"author":2,"featured_media":36853,"comment_status":"closed","ping_status":"closed","sticky":false,"template":"","format":"standard","meta":{"sfsi_plus_gutenberg_text_before_share":"","sfsi_plus_gutenberg_show_text_before_share":"","sfsi_plus_gutenberg_icon_type":"","sfsi_plus_gutenberg_icon_alignemt":"","sfsi_plus_gutenburg_max_per_row":"","footnotes":""},"categories":[12],"tags":[],"class_list":["post-44246","post","type-post","status-publish","format-standard","has-post-thumbnail","hentry","category-policia"],"_links":{"self":[{"href":"https:\/\/www.caririemacao.com\/1\/wp-json\/wp\/v2\/posts\/44246","targetHints":{"allow":["GET"]}}],"collection":[{"href":"https:\/\/www.caririemacao.com\/1\/wp-json\/wp\/v2\/posts"}],"about":[{"href":"https:\/\/www.caririemacao.com\/1\/wp-json\/wp\/v2\/types\/post"}],"author":[{"embeddable":true,"href":"https:\/\/www.caririemacao.com\/1\/wp-json\/wp\/v2\/users\/2"}],"replies":[{"embeddable":true,"href":"https:\/\/www.caririemacao.com\/1\/wp-json\/wp\/v2\/comments?post=44246"}],"version-history":[{"count":0,"href":"https:\/\/www.caririemacao.com\/1\/wp-json\/wp\/v2\/posts\/44246\/revisions"}],"wp:featuredmedia":[{"embeddable":true,"href":"https:\/\/www.caririemacao.com\/1\/wp-json\/wp\/v2\/media\/36853"}],"wp:attachment":[{"href":"https:\/\/www.caririemacao.com\/1\/wp-json\/wp\/v2\/media?parent=44246"}],"wp:term":[{"taxonomy":"category","embeddable":true,"href":"https:\/\/www.caririemacao.com\/1\/wp-json\/wp\/v2\/categories?post=44246"},{"taxonomy":"post_tag","embeddable":true,"href":"https:\/\/www.caririemacao.com\/1\/wp-json\/wp\/v2\/tags?post=44246"}],"curies":[{"name":"wp","href":"https:\/\/api.w.org\/{rel}","templated":true}]}}