{"id":44256,"date":"2018-03-15T06:47:06","date_gmt":"2018-03-15T09:47:06","guid":{"rendered":"http:\/\/caririemacao.com\/1\/?p=44256"},"modified":"2018-03-15T11:41:55","modified_gmt":"2018-03-15T14:41:55","slug":"apos-chuvas-caraubas-volta-a-ser-abastecida-pelo-acude-de-campos","status":"publish","type":"post","link":"https:\/\/www.caririemacao.com\/1\/2018\/03\/15\/apos-chuvas-caraubas-volta-a-ser-abastecida-pelo-acude-de-campos\/","title":{"rendered":"Ap\u00f3s chuvas, Cara\u00fabas volta a ser abastecida pelo a\u00e7ude de Campos"},"content":{"rendered":"<p>Depois de passar v\u00e1rios meses sem \u00e1gua nas torneiras, moradores da zona urbana da cidade de Cara\u00fabas, na regi\u00e3o do Cariri, voltaram a receber \u00e1gua do a\u00e7ude de Campos, respons\u00e1vel pelo abastecimento da cidade.<\/p>\n<p>O manancial que estava completamente seco, teve o sistema de abastecimento ligado ap\u00f3s receber recarga das \u00faltimas chuvas na regi\u00e3o, e est\u00e1 com 35% de sua capacidade.<\/p>\n<p>De acordo com relatos de moradores, a cidade estava sendo abastecida por carros-pipa.<\/p>\n<p>O prefeito da cidade, Silvano Dudu (PSB), confirmou que j\u00e1 existe um projeto em andamento para constru\u00e7\u00e3o de uma adutora que captar\u00e1 \u00e1gua do Rio Para\u00edba para o abastecimento da popula\u00e7\u00e3o.<\/p>\n<p><strong>CARIRI EM A\u00c7\u00c3O<\/strong><\/p>\n<p><em>Com Bruno Lira\/Foto:\u00a0Bruno Lira<\/em><\/p>\n<p><strong>Leia mais not\u00edcias em\u00a0<\/strong><a href=\"http:\/\/www.caririemacao.com\/\"><strong>caririemacao.com<\/strong><\/a><strong>, siga nossa p\u00e1gina no\u00a0<\/strong><a href=\"https:\/\/www.facebook.com\/CaririEmAcao\/?ref=aymt_homepage_panel\"><strong>Facebook<\/strong><\/a>,<strong>\u00a0<\/strong><a href=\"https:\/\/www.instagram.com\/cariri_em_acao\/?hl=pt-br\"><strong>Instagram<\/strong><\/a><strong>\u00a0e\u00a0<\/strong><a href=\"https:\/\/www.youtube.com\/channel\/UCAptA0jQuYQy8vMhLt2m4qg\"><strong>Youtube<\/strong><\/a><strong>\u00a0e veja nossas mat\u00e9rias, v\u00eddeos e fotos. Voc\u00ea tamb\u00e9m pode enviar informa\u00e7\u00f5es \u00e0 Reda\u00e7\u00e3o do Portal Cariri em A\u00e7\u00e3o pelo WhatsApp (83) 9 9634.5791, (83) 9 9601-1162.<\/strong><\/p>\n","protected":false},"excerpt":{"rendered":"<p>Depois de passar v\u00e1rios meses sem \u00e1gua nas torneiras, moradores da zona urbana da cidade de Cara\u00fabas, na regi\u00e3o do Cariri, voltaram a receber \u00e1gua&hellip; <\/p>\n","protected":false},"author":2,"featured_media":44257,"comment_status":"closed","ping_status":"closed","sticky":false,"template":"","format":"standard","meta":{"sfsi_plus_gutenberg_text_before_share":"","sfsi_plus_gutenberg_show_text_before_share":"","sfsi_plus_gutenberg_icon_type":"","sfsi_plus_gutenberg_icon_alignemt":"","sfsi_plus_gutenburg_max_per_row":"","footnotes":""},"categories":[2],"tags":[],"class_list":["post-44256","post","type-post","status-publish","format-standard","has-post-thumbnail","hentry","category-geral"],"_links":{"self":[{"href":"https:\/\/www.caririemacao.com\/1\/wp-json\/wp\/v2\/posts\/44256","targetHints":{"allow":["GET"]}}],"collection":[{"href":"https:\/\/www.caririemacao.com\/1\/wp-json\/wp\/v2\/posts"}],"about":[{"href":"https:\/\/www.caririemacao.com\/1\/wp-json\/wp\/v2\/types\/post"}],"author":[{"embeddable":true,"href":"https:\/\/www.caririemacao.com\/1\/wp-json\/wp\/v2\/users\/2"}],"replies":[{"embeddable":true,"href":"https:\/\/www.caririemacao.com\/1\/wp-json\/wp\/v2\/comments?post=44256"}],"version-history":[{"count":0,"href":"https:\/\/www.caririemacao.com\/1\/wp-json\/wp\/v2\/posts\/44256\/revisions"}],"wp:featuredmedia":[{"embeddable":true,"href":"https:\/\/www.caririemacao.com\/1\/wp-json\/wp\/v2\/media\/44257"}],"wp:attachment":[{"href":"https:\/\/www.caririemacao.com\/1\/wp-json\/wp\/v2\/media?parent=44256"}],"wp:term":[{"taxonomy":"category","embeddable":true,"href":"https:\/\/www.caririemacao.com\/1\/wp-json\/wp\/v2\/categories?post=44256"},{"taxonomy":"post_tag","embeddable":true,"href":"https:\/\/www.caririemacao.com\/1\/wp-json\/wp\/v2\/tags?post=44256"}],"curies":[{"name":"wp","href":"https:\/\/api.w.org\/{rel}","templated":true}]}}