{"id":44259,"date":"2018-03-15T06:57:44","date_gmt":"2018-03-15T09:57:44","guid":{"rendered":"http:\/\/caririemacao.com\/1\/?p=44259"},"modified":"2018-03-15T06:57:44","modified_gmt":"2018-03-15T09:57:44","slug":"agentes-comunitarios-de-saude-de-gurjao-recebem-tablets-para-melhorar-os-servicos-prestado-a-populacao","status":"publish","type":"post","link":"https:\/\/www.caririemacao.com\/1\/2018\/03\/15\/agentes-comunitarios-de-saude-de-gurjao-recebem-tablets-para-melhorar-os-servicos-prestado-a-populacao\/","title":{"rendered":"Agentes comunit\u00e1rios de sa\u00fade de Gurj\u00e3o recebem tablets para melhorar os servi\u00e7os prestado \u00e1 popula\u00e7\u00e3o"},"content":{"rendered":"<p>A prefeitura municipal de Gurj\u00e3o atrav\u00e9s da Secretaria de Sa\u00fade realizou na \u00faltima quarta-feira (14), a entrega dos Tablets e a capacita\u00e7\u00e3o do Prontu\u00e1rio Eletr\u00f4nico com os Agentes Comunit\u00e1rios de Sa\u00fade e de Combate de Endemias.<\/p>\n<p>Bruna Moura relata: Estes tablets v\u00e3o facilitar o trabalho dos agentes de sa\u00fade, porque ao inv\u00e9s de andarem com papel anotando, eles ter\u00e3o um equipamento<span class=\"text_exposed_show\">\u00a0onde far\u00e3o o cadastro de informa\u00e7\u00f5es automaticamente e de uma s\u00f3 vez.<\/span><\/p>\n<div class=\"text_exposed_show\">\n<p>Tornando mais agilidade ao servi\u00e7o do agente, al\u00e9m de fornecer ao sistema de sa\u00fade um diagn\u00f3stico mais completo da realidade dos nossos usu\u00e1rios.<\/p>\n<p><strong>CARIRI EM A\u00c7\u00c3O<\/strong><\/p>\n<p><em>Com Oxente Gurj\u00e3o\/Foto: Reprodu\u00e7\u00e3o Internet<\/em><\/p>\n<p><strong>Leia mais not\u00edcias em\u00a0<\/strong><a href=\"http:\/\/www.caririemacao.com\/\"><strong>caririemacao.com<\/strong><\/a><strong>, siga nossa p\u00e1gina no\u00a0<\/strong><a href=\"https:\/\/www.facebook.com\/CaririEmAcao\/?ref=aymt_homepage_panel\"><strong>Facebook<\/strong><\/a>,<strong>\u00a0<\/strong><a href=\"https:\/\/www.instagram.com\/cariri_em_acao\/?hl=pt-br\"><strong>Instagram<\/strong><\/a><strong>\u00a0e\u00a0<\/strong><a href=\"https:\/\/www.youtube.com\/channel\/UCAptA0jQuYQy8vMhLt2m4qg\"><strong>Youtube<\/strong><\/a><strong>\u00a0e veja nossas mat\u00e9rias, v\u00eddeos e fotos. Voc\u00ea tamb\u00e9m pode enviar informa\u00e7\u00f5es \u00e0 Reda\u00e7\u00e3o do Portal Cariri em A\u00e7\u00e3o pelo WhatsApp (83) 9 9634.5791, (83) 9 9601-1162.<\/strong><\/p>\n<\/div>\n","protected":false},"excerpt":{"rendered":"<p>A prefeitura municipal de Gurj\u00e3o atrav\u00e9s da Secretaria de Sa\u00fade realizou na \u00faltima quarta-feira (14), a entrega dos Tablets e a capacita\u00e7\u00e3o do Prontu\u00e1rio Eletr\u00f4nico&hellip; <\/p>\n","protected":false},"author":2,"featured_media":24029,"comment_status":"closed","ping_status":"closed","sticky":false,"template":"","format":"standard","meta":{"sfsi_plus_gutenberg_text_before_share":"","sfsi_plus_gutenberg_show_text_before_share":"","sfsi_plus_gutenberg_icon_type":"","sfsi_plus_gutenberg_icon_alignemt":"","sfsi_plus_gutenburg_max_per_row":"","footnotes":""},"categories":[6],"tags":[],"class_list":["post-44259","post","type-post","status-publish","format-standard","has-post-thumbnail","hentry","category-cidades"],"_links":{"self":[{"href":"https:\/\/www.caririemacao.com\/1\/wp-json\/wp\/v2\/posts\/44259","targetHints":{"allow":["GET"]}}],"collection":[{"href":"https:\/\/www.caririemacao.com\/1\/wp-json\/wp\/v2\/posts"}],"about":[{"href":"https:\/\/www.caririemacao.com\/1\/wp-json\/wp\/v2\/types\/post"}],"author":[{"embeddable":true,"href":"https:\/\/www.caririemacao.com\/1\/wp-json\/wp\/v2\/users\/2"}],"replies":[{"embeddable":true,"href":"https:\/\/www.caririemacao.com\/1\/wp-json\/wp\/v2\/comments?post=44259"}],"version-history":[{"count":0,"href":"https:\/\/www.caririemacao.com\/1\/wp-json\/wp\/v2\/posts\/44259\/revisions"}],"wp:featuredmedia":[{"embeddable":true,"href":"https:\/\/www.caririemacao.com\/1\/wp-json\/wp\/v2\/media\/24029"}],"wp:attachment":[{"href":"https:\/\/www.caririemacao.com\/1\/wp-json\/wp\/v2\/media?parent=44259"}],"wp:term":[{"taxonomy":"category","embeddable":true,"href":"https:\/\/www.caririemacao.com\/1\/wp-json\/wp\/v2\/categories?post=44259"},{"taxonomy":"post_tag","embeddable":true,"href":"https:\/\/www.caririemacao.com\/1\/wp-json\/wp\/v2\/tags?post=44259"}],"curies":[{"name":"wp","href":"https:\/\/api.w.org\/{rel}","templated":true}]}}