{"id":44261,"date":"2018-03-15T07:07:19","date_gmt":"2018-03-15T10:07:19","guid":{"rendered":"http:\/\/caririemacao.com\/1\/?p=44261"},"modified":"2018-03-15T07:07:19","modified_gmt":"2018-03-15T10:07:19","slug":"sao-sebastiao-do-umbuzeiro-e-contemplada-com-r-190-mil-para-aquisicao-de-van","status":"publish","type":"post","link":"https:\/\/www.caririemacao.com\/1\/2018\/03\/15\/sao-sebastiao-do-umbuzeiro-e-contemplada-com-r-190-mil-para-aquisicao-de-van\/","title":{"rendered":"S\u00e3o Sebasti\u00e3o do Umbuzeiro \u00e9 contemplada com R$ 190 mil para aquisi\u00e7\u00e3o de Van"},"content":{"rendered":"<p>A\u00a0Prefeitura\u00a0de\u00a0S\u00e3o Sebasti\u00e3o do Umbuzeiro\u00a0foi contemplada com\u00a0recursos\u00a0no valor de R$ 190 mil do Fundo\u00a0Nacional\u00a0de\u00a0Sa\u00fade, fruto de uma emenda parlamentar do\u00a0deputado federal\u00a0Efraim Filho\u00a0(DEM). A informa\u00e7\u00e3o foi confirmada na noite desta ter\u00e7a-feira, 13, pelo\u00a0prefeito\u00a0Adriano Wolff.<\/p>\n<p>O dinheiro destinado para a aquisi\u00e7\u00e3o de um\u00a0transporte\u00a0eletivo do tipo Van j\u00e1 foi repassado para o munic\u00edpio, e a Van ser\u00e1 destinada para a Secret\u00e1ria de\u00a0Sa\u00fade, garantido mais comodidade aos Umbuzeirenses.<\/p>\n<p>O\u00a0prefeito\u00a0Adriano Wolff\u00a0agradeceu em nome dos umbuzeirenses ao deputado\u00a0Efraim Filho pela luta em prol de\u00a0S\u00e3o Sebasti\u00e3o do Umbuzeiro. \u201cEm nome dos mun\u00edcipes de\u00a0S\u00e3o Sebasti\u00e3o do Umbuzeiro, quero agradecer ao deputado\u00a0Efraim Filho\u00a0pela destina\u00e7\u00e3o de emenda, e por sempre est\u00e1 atendendo nossos pleitos\u201d, afirmou.<\/p>\n<p><strong>CARIRI EM A\u00c7\u00c3O<\/strong><\/p>\n<p><em>Com TV Cariri\/Foto: Reprodu\u00e7\u00e3o Internet<\/em><\/p>\n<p><strong>Leia mais not\u00edcias em\u00a0<\/strong><a href=\"http:\/\/www.caririemacao.com\/\"><strong>caririemacao.com<\/strong><\/a><strong>, siga nossa p\u00e1gina no\u00a0<\/strong><a href=\"https:\/\/www.facebook.com\/CaririEmAcao\/?ref=aymt_homepage_panel\"><strong>Facebook<\/strong><\/a>,<strong>\u00a0<\/strong><a href=\"https:\/\/www.instagram.com\/cariri_em_acao\/?hl=pt-br\"><strong>Instagram<\/strong><\/a><strong>\u00a0e\u00a0<\/strong><a href=\"https:\/\/www.youtube.com\/channel\/UCAptA0jQuYQy8vMhLt2m4qg\"><strong>Youtube<\/strong><\/a><strong>\u00a0e veja nossas mat\u00e9rias, v\u00eddeos e fotos. Voc\u00ea tamb\u00e9m pode enviar informa\u00e7\u00f5es \u00e0 Reda\u00e7\u00e3o do Portal Cariri em A\u00e7\u00e3o pelo WhatsApp (83) 9 9634.5791, (83) 9 9601-1162.<\/strong><\/p>\n","protected":false},"excerpt":{"rendered":"<p>A\u00a0Prefeitura\u00a0de\u00a0S\u00e3o Sebasti\u00e3o do Umbuzeiro\u00a0foi contemplada com\u00a0recursos\u00a0no valor de R$ 190 mil do Fundo\u00a0Nacional\u00a0de\u00a0Sa\u00fade, fruto de uma emenda parlamentar do\u00a0deputado federal\u00a0Efraim Filho\u00a0(DEM). A informa\u00e7\u00e3o foi confirmada&hellip; <\/p>\n","protected":false},"author":2,"featured_media":44262,"comment_status":"closed","ping_status":"closed","sticky":false,"template":"","format":"standard","meta":{"sfsi_plus_gutenberg_text_before_share":"","sfsi_plus_gutenberg_show_text_before_share":"","sfsi_plus_gutenberg_icon_type":"","sfsi_plus_gutenberg_icon_alignemt":"","sfsi_plus_gutenburg_max_per_row":"","footnotes":""},"categories":[6],"tags":[],"class_list":["post-44261","post","type-post","status-publish","format-standard","has-post-thumbnail","hentry","category-cidades"],"_links":{"self":[{"href":"https:\/\/www.caririemacao.com\/1\/wp-json\/wp\/v2\/posts\/44261","targetHints":{"allow":["GET"]}}],"collection":[{"href":"https:\/\/www.caririemacao.com\/1\/wp-json\/wp\/v2\/posts"}],"about":[{"href":"https:\/\/www.caririemacao.com\/1\/wp-json\/wp\/v2\/types\/post"}],"author":[{"embeddable":true,"href":"https:\/\/www.caririemacao.com\/1\/wp-json\/wp\/v2\/users\/2"}],"replies":[{"embeddable":true,"href":"https:\/\/www.caririemacao.com\/1\/wp-json\/wp\/v2\/comments?post=44261"}],"version-history":[{"count":0,"href":"https:\/\/www.caririemacao.com\/1\/wp-json\/wp\/v2\/posts\/44261\/revisions"}],"wp:featuredmedia":[{"embeddable":true,"href":"https:\/\/www.caririemacao.com\/1\/wp-json\/wp\/v2\/media\/44262"}],"wp:attachment":[{"href":"https:\/\/www.caririemacao.com\/1\/wp-json\/wp\/v2\/media?parent=44261"}],"wp:term":[{"taxonomy":"category","embeddable":true,"href":"https:\/\/www.caririemacao.com\/1\/wp-json\/wp\/v2\/categories?post=44261"},{"taxonomy":"post_tag","embeddable":true,"href":"https:\/\/www.caririemacao.com\/1\/wp-json\/wp\/v2\/tags?post=44261"}],"curies":[{"name":"wp","href":"https:\/\/api.w.org\/{rel}","templated":true}]}}