{"id":44264,"date":"2018-03-15T07:11:31","date_gmt":"2018-03-15T10:11:31","guid":{"rendered":"http:\/\/caririemacao.com\/1\/?p=44264"},"modified":"2018-03-15T07:11:31","modified_gmt":"2018-03-15T10:11:31","slug":"ministerio-da-integracao-avalia-suspensao-da-transposicao-na-pb-como-necessaria","status":"publish","type":"post","link":"https:\/\/www.caririemacao.com\/1\/2018\/03\/15\/ministerio-da-integracao-avalia-suspensao-da-transposicao-na-pb-como-necessaria\/","title":{"rendered":"Minist\u00e9rio da Integra\u00e7\u00e3o avalia suspens\u00e3o da transposi\u00e7\u00e3o na PB como necess\u00e1ria"},"content":{"rendered":"<div class=\"mc-column content-text active-extra-styles active-capital-letter\" data-block-type=\"unstyled\" data-block-weight=\"75\" data-block-id=\"2\">\n<p class=\"content-text__container theme-color-primary-first-letter\" data-track-category=\"Link no Texto\" data-track-links=\"\">A Secretaria de Infraestrutura H\u00eddrica, do Minist\u00e9rio da Integra\u00e7\u00e3o Nacional, enviou uma nota t\u00e9cnica ao Minist\u00e9rio P\u00fablico Federal (MPF) na Para\u00edba confirmando a necessidade de suspens\u00e3o de bombeamento de \u00e1guas da transposi\u00e7\u00e3o do Rio S\u00e3o Francisco, at\u00e9 que as obras programadas para os a\u00e7udes de Po\u00e7\u00f5es e Camala\u00fa sejam conclu\u00eddas. Com base nesta nota, n\u00e3o foram encontrados elementos que justifiquem tecnicamente a impossibilidade de interrup\u00e7\u00e3o da pr\u00e9-opera\u00e7\u00e3o do Projeto de Integra\u00e7\u00e3o do S\u00e3o Francisco (PISF).<\/p>\n<\/div>\n<div class=\"mc-column content-text active-extra-styles \" data-block-type=\"unstyled\" data-block-weight=\"77\" data-block-id=\"3\">\n<p class=\"content-text__container \" data-track-category=\"Link no Texto\" data-track-links=\"\">A nota foi formulada ap\u00f3s o\u00a0MPF em Monteiro ter recomendado a suspens\u00e3o da opera\u00e7\u00e3o do sistema de bombeamento de \u00e1guas da transposi\u00e7\u00e3o do Rio S\u00e3o Francisco, no eixo leste, junto \u00e0 Secretaria de Infraestrutura H\u00eddrica do Minist\u00e9rio da Integra\u00e7\u00e3o Nacional.\u00a0A nota do Minist\u00e9rio da Integra\u00e7\u00e3o concluiu ser necess\u00e1rio interromper o bombeamento para conclus\u00e3o das interven\u00e7\u00f5es programadas nos dois reservat\u00f3rios, em fun\u00e7\u00e3o do risco de seguran\u00e7a identificado pelo Departamento Nacional de Obras Contra a Seca (DNOCS).<\/p>\n<\/div>\n<div class=\"mc-column content-text active-extra-styles \" data-block-type=\"unstyled\" data-block-weight=\"44\" data-block-id=\"4\">\n<p class=\"content-text__container \" data-track-category=\"Link no Texto\" data-track-links=\"\">Isso porque, para que as vaz\u00f5es do Eixo Leste do PISF chegassem ao a\u00e7ude Epit\u00e1cio Pessoa (Boqueir\u00e3o), no Cariri, respons\u00e1vel pelo abastecimento de Campina Grande e outros 18 munic\u00edpios, eram necess\u00e1rias obras de recupera\u00e7\u00e3o em Po\u00e7\u00f5es e Camala\u00fa, que se encontram no Rio Para\u00edba.<\/p>\n<\/div>\n<div class=\"mc-column content-text active-extra-styles \" data-block-type=\"unstyled\" data-block-weight=\"90\" data-block-id=\"5\">\n<p class=\"content-text__container \" data-track-category=\"Link no Texto\" data-track-links=\"\">Mas devido ao prazo dispon\u00edvel para estas interven\u00e7\u00f5es, o DNOCS encontrou como solu\u00e7\u00e3o imediata a execu\u00e7\u00e3o de um canal escavado atrav\u00e9s dos vertedouros das barragens Po\u00e7\u00f5es e Camala\u00fa, permitindo assim a passagem das \u00e1guas do PISF para Boqueir\u00e3o em car\u00e1ter provis\u00f3rio e emergencial. Tudo isso aconteceu ap\u00f3s, no segundo semestre de 2016, o Minist\u00e9rio da Integra\u00e7\u00e3o definir como prioridade a conclus\u00e3o do caminho das \u00e1guas do Eixo Leste do PISF, tendo em vista a grave escassez h\u00eddrica que assolava Campina Grande e regi\u00e3o, mediante amea\u00e7a de desabastecimento total de \u00e1gua.<\/p>\n<\/div>\n<div class=\"mc-column content-text active-extra-styles \" data-block-type=\"unstyled\" data-block-weight=\"55\" data-block-id=\"6\">\n<p class=\"content-text__container \" data-track-category=\"Link no Texto\" data-track-links=\"\">De acordo com o coordenador do DNOCS na Para\u00edba, Alberto Gomes, a suspens\u00e3o do bombeamento \u00e9 essencial para que as \u00e1guas do S\u00e3o Francisco cheguem em Boqueir\u00e3o de forma segura. \u201c\u00c9 necess\u00e1rio dar uma paralisada no bombeamento para que tenhamos uma seguran\u00e7a h\u00eddrica comprovada. Essa obra deve durar cerca de 120 dias\u201d, pontuou o coordenador.<\/p>\n<\/div>\n<div class=\"mc-column content-text active-extra-styles\" data-block-type=\"raw\" data-block-weight=\"8\" data-block-id=\"8\">\n<div class=\"content-intertitle\">\n<h2>Interrup\u00e7\u00e3o n\u00e3o afeta fornecimento de \u00e1gua, segundo nota<\/h2>\n<\/div>\n<\/div>\n<div class=\"mc-column content-text active-extra-styles \" data-block-type=\"unstyled\" data-block-weight=\"56\" data-block-id=\"9\">\n<p class=\"content-text__container \" data-track-category=\"Link no Texto\" data-track-links=\"\">A nota t\u00e9cnica levou em considera\u00e7\u00e3o o volume do a\u00e7ude de Boqueir\u00e3o, que de acordo com a Ag\u00eancia Executiva de Gest\u00e3o das \u00c1guas (Aesa) est\u00e1 atualmente com 16,38% da capacidade total (67,4 milh\u00f5es m\u00b3), e analisou que a interrup\u00e7\u00e3o do bombeamento n\u00e3o oferece riscos ao abastecimento de \u00e1gua para Campina Grande e as outras duas cidades.<\/p>\n<\/div>\n<div class=\"mc-column content-text active-extra-styles \" data-block-type=\"unstyled\" data-block-weight=\"79\" data-block-id=\"10\">\n<p class=\"content-text__container \" data-track-category=\"Link no Texto\" data-track-links=\"\">O Minist\u00e9rio da Integra\u00e7\u00e3o tamb\u00e9m considerou outros dois aspectos para fazer a sua conclus\u00e3o. Um deles foi a\u00a0resolu\u00e7\u00e3o da Ag\u00eancia Nacional da \u00c1guas (ANA) e Aesa autorizando a descarga de 4,8 hm\u00b3 do a\u00e7ude de Boqueir\u00e3o para assegurar a continuidade da opera\u00e7\u00e3o dos sistemas de abastecimento do a\u00e7ude Argemiro de Figueiredo (Acau\u00e3), em Itatuba, no Agreste, que ser deve ser praticada at\u00e9 30 de junho de 2018. O outro aspecto considerado foi o uso di\u00e1rio de 20,74 hm\u00b3.<\/p>\n<\/div>\n<div class=\"mc-column content-text active-extra-styles \" data-block-type=\"unstyled\" data-block-weight=\"61\" data-block-id=\"11\">\n<p class=\"content-text__container \" data-track-category=\"Link no Texto\" data-track-links=\"\">Diante desses aspectos, a nota t\u00e9cnica apontou que, em um cen\u00e1rio improv\u00e1vel em que n\u00e3o haja aporte de \u00e1guas ao reservat\u00f3rio, nem por meio de chuvas nem por meio do PISF, o reservat\u00f3rio de Boqueir\u00e3o, ao final dos quatro meses de interrup\u00e7\u00e3o do PISF, ainda seria capaz de manter o abastecimento da regi\u00e3o com seguran\u00e7a, apresentando um volume de 38,14 hm\u00b3.<\/p>\n<\/div>\n<div class=\"mc-column content-text active-extra-styles\" data-block-type=\"raw\" data-block-weight=\"6\" data-block-id=\"12\">\n<div class=\"content-intertitle\">\n<h2>Reuni\u00e3o vai discutir suspens\u00e3o do bombeamento<\/h2>\n<\/div>\n<\/div>\n<div data-track-category=\"fim do conteudo\" data-track-action=\"ultimo chunk conteudo\" data-track-noninteraction=\"false\" data-track-scroll=\"entrada completa viewport\">\n<div class=\"mc-column content-text active-extra-styles \" data-block-type=\"unstyled\" data-block-weight=\"47\" data-block-id=\"13\">\n<p class=\"content-text__container \" data-track-category=\"Link no Texto\" data-track-links=\"\">Na pr\u00f3xima sexta-feira (16), \u00e0s 10h, haver\u00e1 uma reuni\u00e3o na sede do Minist\u00e9rio P\u00fablico Federal, em Jo\u00e3o Pessoa, para discutir a suspens\u00e3o de bombeamento de \u00e1guas da transposi\u00e7\u00e3o do rio S\u00e3o Francisco. Devem fazer parte dessa reuni\u00e3o representantes do Minist\u00e9rio da Integra\u00e7\u00e3o, MPF, ANA, Aesa e DNOCS.<\/p>\n<p><strong>CARIRI EM A\u00c7\u00c3O<\/strong><\/p>\n<p><em>Com G1\/Foto: Reprodu\u00e7\u00e3o Internet<\/em><\/p>\n<p><strong>Leia mais not\u00edcias em\u00a0<\/strong><a href=\"http:\/\/www.caririemacao.com\/\"><strong>caririemacao.com<\/strong><\/a><strong>, siga nossa p\u00e1gina no\u00a0<\/strong><a href=\"https:\/\/www.facebook.com\/CaririEmAcao\/?ref=aymt_homepage_panel\"><strong>Facebook<\/strong><\/a>,<strong>\u00a0<\/strong><a href=\"https:\/\/www.instagram.com\/cariri_em_acao\/?hl=pt-br\"><strong>Instagram<\/strong><\/a><strong>\u00a0e\u00a0<\/strong><a href=\"https:\/\/www.youtube.com\/channel\/UCAptA0jQuYQy8vMhLt2m4qg\"><strong>Youtube<\/strong><\/a><strong>\u00a0e veja nossas mat\u00e9rias, v\u00eddeos e fotos. Voc\u00ea tamb\u00e9m pode enviar informa\u00e7\u00f5es \u00e0 Reda\u00e7\u00e3o do Portal Cariri em A\u00e7\u00e3o pelo WhatsApp (83) 9 9634.5791, (83) 9 9601-1162.<\/strong><\/p>\n<\/div>\n<\/div>\n","protected":false},"excerpt":{"rendered":"<p>A Secretaria de Infraestrutura H\u00eddrica, do Minist\u00e9rio da Integra\u00e7\u00e3o Nacional, enviou uma nota t\u00e9cnica ao Minist\u00e9rio P\u00fablico Federal (MPF) na Para\u00edba confirmando a necessidade de&hellip; <\/p>\n","protected":false},"author":2,"featured_media":44265,"comment_status":"closed","ping_status":"closed","sticky":false,"template":"","format":"standard","meta":{"sfsi_plus_gutenberg_text_before_share":"","sfsi_plus_gutenberg_show_text_before_share":"","sfsi_plus_gutenberg_icon_type":"","sfsi_plus_gutenberg_icon_alignemt":"","sfsi_plus_gutenburg_max_per_row":"","footnotes":""},"categories":[2],"tags":[],"class_list":["post-44264","post","type-post","status-publish","format-standard","has-post-thumbnail","hentry","category-geral"],"_links":{"self":[{"href":"https:\/\/www.caririemacao.com\/1\/wp-json\/wp\/v2\/posts\/44264","targetHints":{"allow":["GET"]}}],"collection":[{"href":"https:\/\/www.caririemacao.com\/1\/wp-json\/wp\/v2\/posts"}],"about":[{"href":"https:\/\/www.caririemacao.com\/1\/wp-json\/wp\/v2\/types\/post"}],"author":[{"embeddable":true,"href":"https:\/\/www.caririemacao.com\/1\/wp-json\/wp\/v2\/users\/2"}],"replies":[{"embeddable":true,"href":"https:\/\/www.caririemacao.com\/1\/wp-json\/wp\/v2\/comments?post=44264"}],"version-history":[{"count":0,"href":"https:\/\/www.caririemacao.com\/1\/wp-json\/wp\/v2\/posts\/44264\/revisions"}],"wp:featuredmedia":[{"embeddable":true,"href":"https:\/\/www.caririemacao.com\/1\/wp-json\/wp\/v2\/media\/44265"}],"wp:attachment":[{"href":"https:\/\/www.caririemacao.com\/1\/wp-json\/wp\/v2\/media?parent=44264"}],"wp:term":[{"taxonomy":"category","embeddable":true,"href":"https:\/\/www.caririemacao.com\/1\/wp-json\/wp\/v2\/categories?post=44264"},{"taxonomy":"post_tag","embeddable":true,"href":"https:\/\/www.caririemacao.com\/1\/wp-json\/wp\/v2\/tags?post=44264"}],"curies":[{"name":"wp","href":"https:\/\/api.w.org\/{rel}","templated":true}]}}