{"id":44267,"date":"2018-03-15T07:16:45","date_gmt":"2018-03-15T10:16:45","guid":{"rendered":"http:\/\/caririemacao.com\/1\/?p=44267"},"modified":"2018-03-15T07:16:45","modified_gmt":"2018-03-15T10:16:45","slug":"pais-pode-crescer-3-sem-alta-da-inflacao-afirma-meirelles","status":"publish","type":"post","link":"https:\/\/www.caririemacao.com\/1\/2018\/03\/15\/pais-pode-crescer-3-sem-alta-da-inflacao-afirma-meirelles\/","title":{"rendered":"Pa\u00eds pode crescer 3% sem alta da infla\u00e7\u00e3o, afirma Meirelles"},"content":{"rendered":"<p><span class=\"news_capital_letter\">O\u00a0<\/span>ministro Henrique Meirelles (Fazenda) disse na \u00faltima quarta-feira (14) que o crescimento potencial da economia brasileira deve se estabilizar ao redor de 3% ao ano depois que as reformas promovidas pelo governo Michel Temer surtirem efeito.<\/p>\n<p>Esse seria o crescimento poss\u00edvel sem press\u00f5es inflacion\u00e1rias que obriguem o Banco Central a aumentar o juro b\u00e1sico (atualmente em 6,75% ao ano) para esfriar a economia. Meirelles participou do painel sobre o cen\u00e1rio econ\u00f4mico global.<\/p>\n<p>Mais \u00e0 frente, quando essa capacidade estiver ocupada, o efeito das reformas \u00e9 que deve garantir um crescimento ao redor de 3% sem estouro da infla\u00e7\u00e3o.<\/p>\n<p>Segundo Meirelles, a demografia (com a diminui\u00e7\u00e3o de jovens no mercado de trabalho) nos \u00faltimos anos teria diminu\u00eddo o chamado crescimento potencial do Brasil a 2,3%. &#8220;Mas reformas como a trabalhista, no ensino m\u00e9dio e a agenda microecon\u00f4mica aumentaram esse potencial.&#8221;<\/p>\n<p>O ministro qualificou como &#8220;evidentemente negativa&#8221; a imposi\u00e7\u00e3o de tarifas por Donald Trump para o alum\u00ednio e a\u00e7o brasileiros, mas disse acreditar que o movimento vai acelerar a busca de acordos do Brasil com outros parceiros. &#8220;N\u00e3o creio que retaliar seja a melhor coisa a fazer. Estamos esperando para ver o que os EUA prop\u00f5em.&#8221;<\/p>\n<p>Para Meirelles, o pior seria o Brasil se fechar. &#8220;N\u00f3s nos protegemos por muito tempo e isso n\u00e3o foi necessariamente bom.&#8221;<\/p>\n<p>Em painel que tamb\u00e9m discutiu a economia mundial, o ministro disse que sua preocupa\u00e7\u00e3o \u00e9 que os bancos centrais das economias desenvolvidas sejam compassivos demais com press\u00f5es inflacion\u00e1rias e mantenham os juros perto de zero por muito tempo.<\/p>\n<p>E que, depois, sejam obrigados a subir mais rapidamente as taxas para manter os pre\u00e7os sob controle. Ele ponderou que esse risco hoje parece pequeno.O Fundo Monet\u00e1rio Internacional projeta neste ano em 3,9% o crescimento global, com EUA crescendo 2,7% e a zona do euro, 2,2%.<\/p>\n<p>NOVO PATAMAR<\/p>\n<p>Hans-Paul B\u00fcrkner, presidente do Boston Consulting Group, disse que, embora muitos considerem o crescimento norte-americano e europeu ainda baixo, esse pode ser um novo patamar.<\/p>\n<p>&#8220;O r\u00e1pido avan\u00e7o que o mundo teve at\u00e9 antes da crise global de 2008 foi impulsionado por pr\u00e1ticas financeiras que geraram a crise. N\u00e3o devemos comparar algo [o crescimento atual] com o que n\u00e3o podemos repetir.&#8221;<\/p>\n<p>Outra conclus\u00e3o do painel \u00e9 que o crescimento mundial relativamente baixo deve ajudar os principais bancos centrais do mundo a manter as taxas de juro baixas.&#8221;A crise anterior foi de endividamento das empresas, mas agora temos muita divida p\u00fablica. Isso n\u00e3o \u00e9 um problema desde que as economias cres\u00e7am de forma saud\u00e1vel&#8221;, disse Andr\u00e9s Velasco, ex-ministro das Finan\u00e7as do Chile (2006 -2010).<\/p>\n<p>J\u00e1 o economista Arm\u00ednio Fraga disse que o problema maior da economia brasileira est\u00e1 no campo fiscal, com todos os governos, n\u00e3o s\u00f3 o federal, muito fragilizados.Na avalia\u00e7\u00e3o dele, o quadro pode ser destravado por um novo governo com mandato para &#8220;arrumar as coisas&#8221;. Disse ainda que o pa\u00eds precisa muito mais do que uma reforma previdenci\u00e1ria. &#8220;\u00c9 [reforma da] Previd\u00eancia, tribut\u00e1ria e ainda tem aspectos trabalhistas, financeiros, regulat\u00f3rios, mais educa\u00e7\u00e3o, sa\u00fade, seguran\u00e7a. \u00c9 tudo.&#8221;<\/p>\n<p>VOO DE GALINHA<\/p>\n<p>Em outro evento do f\u00f3rum, o clima foi menos otimista. A conclus\u00e3o dos participantes do debate sobre os cen\u00e1rios para o Brasil \u00e9 de que ainda \u00e9 cedo para comemorar a recente recupera\u00e7\u00e3o econ\u00f4mica brasileira e, sem reformas para conter o buraco nas contas p\u00fablicas, a retomada ser\u00e1 apenas um voo de galinha.<\/p>\n<p>Segundo Luiz Carlos Trabuco, presidente do conselho de administra\u00e7\u00e3o do Bradesco, os n\u00fameros positivos dos \u00faltimos meses s\u00e3o parte de um processo de recupera\u00e7\u00e3o c\u00edclica que \u00e9 normal ap\u00f3s recess\u00f5es profundas, como a vivida pelo Brasil entre 2014 e 2016.<\/p>\n<p>&#8220;As bases [de compara\u00e7\u00e3o] s\u00e3o t\u00e3o baixas que a recupera\u00e7\u00e3o \u00e9 uma mudan\u00e7a de ciclo. Mas tem o risco de ela s\u00f3 tenha a dura\u00e7\u00e3o do ciclo, o que uns podem chamar de voo de galinha. Por isso nem podemos co-memorar muito&#8221;, afirmou Trabuco.<\/p>\n<p>Segundo o executivo, sem reformas, as medidas para conter o d\u00e9ficit fiscal &#8220;&#8221;como a ado\u00e7\u00e3o de um teto para conter o crescimento das despesas do governo&#8221;&#8221; se tornar\u00e3o insustent\u00e1veis. E isso, ressalta Trabuco, poder\u00e1 levar a um questionamento sobre a capacidade de solv\u00eancia do pa\u00eds.&#8221;Teto do gasto p\u00fablico \u00e9 algo muito importante, mas \u00e9 uma carta de inten\u00e7\u00e3o. \u00c9 um desejo&#8221;, afirmou.<\/p>\n<p>O governador Geraldo Alckmin, pr\u00e9-candidato do PSDB para a elei\u00e7\u00e3o presidencial de outubro, ressaltou que, se for eleito, a Reforma da Previd\u00eancia seria uma prioridade: &#8220;Essas reformas precisam ser feitas no in\u00edcio, no primeiro ano de governo&#8221;.<\/p>\n<p>O jornalista Paulo Sotero, diretor do Woodrow Wilson Center, disse que a revis\u00e3o das aposentadorias de funcion\u00e1rios do setor p\u00fablico \u00e9 uma quest\u00e3o de justi\u00e7a social. &#8220;N\u00e3o \u00e9 justo que a elite do setor p\u00fablico receba uma aposentadoria 10, 15 vezes maior que\u00a0a dos funcion\u00e1rios do setor privado.<\/p>\n<p><strong>CARIRI EM A\u00c7\u00c3O<\/strong><\/p>\n<p><em>Com Folhapress\/Foto:\u00a0Reuters<\/em><\/p>\n<p><strong>Leia mais not\u00edcias em\u00a0<\/strong><a href=\"http:\/\/www.caririemacao.com\/\"><strong>caririemacao.com<\/strong><\/a><strong>, siga nossa p\u00e1gina no\u00a0<\/strong><a href=\"https:\/\/www.facebook.com\/CaririEmAcao\/?ref=aymt_homepage_panel\"><strong>Facebook<\/strong><\/a>,<strong>\u00a0<\/strong><a href=\"https:\/\/www.instagram.com\/cariri_em_acao\/?hl=pt-br\"><strong>Instagram<\/strong><\/a><strong>\u00a0e\u00a0<\/strong><a href=\"https:\/\/www.youtube.com\/channel\/UCAptA0jQuYQy8vMhLt2m4qg\"><strong>Youtube<\/strong><\/a><strong>\u00a0e veja nossas mat\u00e9rias, v\u00eddeos e fotos. Voc\u00ea tamb\u00e9m pode enviar informa\u00e7\u00f5es \u00e0 Reda\u00e7\u00e3o do Portal Cariri em A\u00e7\u00e3o pelo WhatsApp (83) 9 9634.5791, (83) 9 9601-1162.<\/strong><\/p>\n","protected":false},"excerpt":{"rendered":"<p>O\u00a0ministro Henrique Meirelles (Fazenda) disse na \u00faltima quarta-feira (14) que o crescimento potencial da economia brasileira deve se estabilizar ao redor de 3% ao ano&hellip; <\/p>\n","protected":false},"author":2,"featured_media":44268,"comment_status":"closed","ping_status":"closed","sticky":false,"template":"","format":"standard","meta":{"sfsi_plus_gutenberg_text_before_share":"","sfsi_plus_gutenberg_show_text_before_share":"","sfsi_plus_gutenberg_icon_type":"","sfsi_plus_gutenberg_icon_alignemt":"","sfsi_plus_gutenburg_max_per_row":"","footnotes":""},"categories":[11],"tags":[],"class_list":["post-44267","post","type-post","status-publish","format-standard","has-post-thumbnail","hentry","category-politica"],"_links":{"self":[{"href":"https:\/\/www.caririemacao.com\/1\/wp-json\/wp\/v2\/posts\/44267","targetHints":{"allow":["GET"]}}],"collection":[{"href":"https:\/\/www.caririemacao.com\/1\/wp-json\/wp\/v2\/posts"}],"about":[{"href":"https:\/\/www.caririemacao.com\/1\/wp-json\/wp\/v2\/types\/post"}],"author":[{"embeddable":true,"href":"https:\/\/www.caririemacao.com\/1\/wp-json\/wp\/v2\/users\/2"}],"replies":[{"embeddable":true,"href":"https:\/\/www.caririemacao.com\/1\/wp-json\/wp\/v2\/comments?post=44267"}],"version-history":[{"count":0,"href":"https:\/\/www.caririemacao.com\/1\/wp-json\/wp\/v2\/posts\/44267\/revisions"}],"wp:featuredmedia":[{"embeddable":true,"href":"https:\/\/www.caririemacao.com\/1\/wp-json\/wp\/v2\/media\/44268"}],"wp:attachment":[{"href":"https:\/\/www.caririemacao.com\/1\/wp-json\/wp\/v2\/media?parent=44267"}],"wp:term":[{"taxonomy":"category","embeddable":true,"href":"https:\/\/www.caririemacao.com\/1\/wp-json\/wp\/v2\/categories?post=44267"},{"taxonomy":"post_tag","embeddable":true,"href":"https:\/\/www.caririemacao.com\/1\/wp-json\/wp\/v2\/tags?post=44267"}],"curies":[{"name":"wp","href":"https:\/\/api.w.org\/{rel}","templated":true}]}}