{"id":44270,"date":"2018-03-15T07:19:16","date_gmt":"2018-03-15T10:19:16","guid":{"rendered":"http:\/\/caririemacao.com\/1\/?p=44270"},"modified":"2018-03-15T07:19:16","modified_gmt":"2018-03-15T10:19:16","slug":"brasil-tem-920-casos-de-febre-amarela","status":"publish","type":"post","link":"https:\/\/www.caririemacao.com\/1\/2018\/03\/15\/brasil-tem-920-casos-de-febre-amarela\/","title":{"rendered":"Brasil tem 920 casos de febre amarela"},"content":{"rendered":"<p><span class=\"news_capital_letter\">O\u00a0<\/span>Minist\u00e9rio da Sa\u00fade atualizou ontem o informe sobre os casos de febre amarela no Brasil. J\u00e1 s\u00e3o 920 casos e 300 mortes, entre 1\u00ba de julho do ano passado e 13 de mar\u00e7o deste ano.<\/p>\n<div class=\"pub-container inside-news\">\n<div class=\"pub-space\"><\/div>\n<\/div>\n<p>Ao todo, foram notificados 3.483 casos suspeitos, sendo que 1.794 foram descartados e 769 permanecem em investiga\u00e7\u00e3o.<\/p>\n<p>Entre julho de 2016 e mar\u00e7o de 2017, foram apontados 610 casos e 196 mortes no pa\u00eds. O minist\u00e9rio tamb\u00e9m informa que foram vacinadas 8,8 milh\u00f5es de pessoas em S\u00e3o Paulo.<\/p>\n<p><strong>CARIRI EM A\u00c7\u00c3O<\/strong><\/p>\n<p><em>Com Folhapress\/Foto: Reprodu\u00e7\u00e3o Internet<\/em><\/p>\n<p><strong>Leia mais not\u00edcias em\u00a0<\/strong><a href=\"http:\/\/www.caririemacao.com\/\"><strong>caririemacao.com<\/strong><\/a><strong>, siga nossa p\u00e1gina no\u00a0<\/strong><a href=\"https:\/\/www.facebook.com\/CaririEmAcao\/?ref=aymt_homepage_panel\"><strong>Facebook<\/strong><\/a>,<strong>\u00a0<\/strong><a href=\"https:\/\/www.instagram.com\/cariri_em_acao\/?hl=pt-br\"><strong>Instagram<\/strong><\/a><strong>\u00a0e\u00a0<\/strong><a href=\"https:\/\/www.youtube.com\/channel\/UCAptA0jQuYQy8vMhLt2m4qg\"><strong>Youtube<\/strong><\/a><strong>\u00a0e veja nossas mat\u00e9rias, v\u00eddeos e fotos. Voc\u00ea tamb\u00e9m pode enviar informa\u00e7\u00f5es \u00e0 Reda\u00e7\u00e3o do Portal Cariri em A\u00e7\u00e3o pelo WhatsApp (83) 9 9634.5791, (83) 9 9601-1162.<\/strong><\/p>\n","protected":false},"excerpt":{"rendered":"<p>O\u00a0Minist\u00e9rio da Sa\u00fade atualizou ontem o informe sobre os casos de febre amarela no Brasil. J\u00e1 s\u00e3o 920 casos e 300 mortes, entre 1\u00ba de&hellip; <\/p>\n","protected":false},"author":2,"featured_media":44271,"comment_status":"closed","ping_status":"closed","sticky":false,"template":"","format":"standard","meta":{"sfsi_plus_gutenberg_text_before_share":"","sfsi_plus_gutenberg_show_text_before_share":"","sfsi_plus_gutenberg_icon_type":"","sfsi_plus_gutenberg_icon_alignemt":"","sfsi_plus_gutenburg_max_per_row":"","footnotes":""},"categories":[16],"tags":[],"class_list":["post-44270","post","type-post","status-publish","format-standard","has-post-thumbnail","hentry","category-saude"],"_links":{"self":[{"href":"https:\/\/www.caririemacao.com\/1\/wp-json\/wp\/v2\/posts\/44270","targetHints":{"allow":["GET"]}}],"collection":[{"href":"https:\/\/www.caririemacao.com\/1\/wp-json\/wp\/v2\/posts"}],"about":[{"href":"https:\/\/www.caririemacao.com\/1\/wp-json\/wp\/v2\/types\/post"}],"author":[{"embeddable":true,"href":"https:\/\/www.caririemacao.com\/1\/wp-json\/wp\/v2\/users\/2"}],"replies":[{"embeddable":true,"href":"https:\/\/www.caririemacao.com\/1\/wp-json\/wp\/v2\/comments?post=44270"}],"version-history":[{"count":0,"href":"https:\/\/www.caririemacao.com\/1\/wp-json\/wp\/v2\/posts\/44270\/revisions"}],"wp:featuredmedia":[{"embeddable":true,"href":"https:\/\/www.caririemacao.com\/1\/wp-json\/wp\/v2\/media\/44271"}],"wp:attachment":[{"href":"https:\/\/www.caririemacao.com\/1\/wp-json\/wp\/v2\/media?parent=44270"}],"wp:term":[{"taxonomy":"category","embeddable":true,"href":"https:\/\/www.caririemacao.com\/1\/wp-json\/wp\/v2\/categories?post=44270"},{"taxonomy":"post_tag","embeddable":true,"href":"https:\/\/www.caririemacao.com\/1\/wp-json\/wp\/v2\/tags?post=44270"}],"curies":[{"name":"wp","href":"https:\/\/api.w.org\/{rel}","templated":true}]}}