{"id":44273,"date":"2018-03-15T07:22:36","date_gmt":"2018-03-15T10:22:36","guid":{"rendered":"http:\/\/caririemacao.com\/1\/?p=44273"},"modified":"2018-03-15T07:22:36","modified_gmt":"2018-03-15T10:22:36","slug":"professores-da-uepb-vao-paralisar-as-atividades","status":"publish","type":"post","link":"https:\/\/www.caririemacao.com\/1\/2018\/03\/15\/professores-da-uepb-vao-paralisar-as-atividades\/","title":{"rendered":"Professores da UEPB v\u00e3o paralisar as atividades"},"content":{"rendered":"<p>Os professores da Universidade Estadual da Para\u00edba \u2013 UEPB preparam dia de paralisa\u00e7\u00e3o para pressionar o Governo do Estado a abrir negocia\u00e7\u00f5es sobre a pauta de reivindica\u00e7\u00f5es e continuar\u00e3o discutindo a campanha salarial 2018. Na pr\u00f3xima quarta-feira (21), a Associa\u00e7\u00e3o dos Docentes da institui\u00e7\u00e3o realizar\u00e1 uma assembleia geral, no Hall da Central de Aulas, no Campus de Campina Grande, para decidir quando ocorrer\u00e1 a paralisa\u00e7\u00e3o.<\/p>\n<p>A decis\u00e3o de intensificar a mobiliza\u00e7\u00e3o da categoria para a campanha salarial foi tomada na manh\u00e3 da \u00faltima quarta-feira (14), durante uma assembleia da ADUEPB, no campus de Campina Grande, onde a dire\u00e7\u00e3o do Sindicato apresentou um relato das a\u00e7\u00f5es realizadas desde o in\u00edcio do ano para a abertura de negocia\u00e7\u00f5es com o Governo do Estado.<\/p>\n<p>O presidente da ADUEPB, Nelson J\u00fanior, disse que o Governo n\u00e3o respeitou as negocia\u00e7\u00f5es realizadas no ano passado entre o Sindicato e a Reitoria para viabilizar o repasse do or\u00e7amento integral da universidade em 2017 e, para este ano, est\u00e1 reduzindo ainda mais os recursos para a institui\u00e7\u00e3o, o que tem impedido qualquer discuss\u00e3o sobre a reposi\u00e7\u00e3o das perdas salariais dos professores, que j\u00e1 chegam a 26,42%.<\/p>\n<p><strong>CARIRI EM A\u00c7\u00c3O<\/strong><\/p>\n<p><em>Com Mais PB\/Foto: Reprodu\u00e7\u00e3o google<\/em><\/p>\n<p><strong>Leia mais not\u00edcias em\u00a0<\/strong><a href=\"http:\/\/www.caririemacao.com\/\"><strong>caririemacao.com<\/strong><\/a><strong>, siga nossa p\u00e1gina no\u00a0<\/strong><a href=\"https:\/\/www.facebook.com\/CaririEmAcao\/?ref=aymt_homepage_panel\"><strong>Facebook<\/strong><\/a>,<strong>\u00a0<\/strong><a href=\"https:\/\/www.instagram.com\/cariri_em_acao\/?hl=pt-br\"><strong>Instagram<\/strong><\/a><strong>\u00a0e\u00a0<\/strong><a href=\"https:\/\/www.youtube.com\/channel\/UCAptA0jQuYQy8vMhLt2m4qg\"><strong>Youtube<\/strong><\/a><strong>\u00a0e veja nossas mat\u00e9rias, v\u00eddeos e fotos. Voc\u00ea tamb\u00e9m pode enviar informa\u00e7\u00f5es \u00e0 Reda\u00e7\u00e3o do Portal Cariri em A\u00e7\u00e3o pelo WhatsApp (83) 9 9634.5791, (83) 9 9601-1162.<\/strong><\/p>\n","protected":false},"excerpt":{"rendered":"<p>Os professores da Universidade Estadual da Para\u00edba \u2013 UEPB preparam dia de paralisa\u00e7\u00e3o para pressionar o Governo do Estado a abrir negocia\u00e7\u00f5es sobre a pauta&hellip; <\/p>\n","protected":false},"author":2,"featured_media":41734,"comment_status":"closed","ping_status":"closed","sticky":false,"template":"","format":"standard","meta":{"sfsi_plus_gutenberg_text_before_share":"","sfsi_plus_gutenberg_show_text_before_share":"","sfsi_plus_gutenberg_icon_type":"","sfsi_plus_gutenberg_icon_alignemt":"","sfsi_plus_gutenburg_max_per_row":"","footnotes":""},"categories":[14],"tags":[],"class_list":["post-44273","post","type-post","status-publish","format-standard","has-post-thumbnail","hentry","category-educacao"],"_links":{"self":[{"href":"https:\/\/www.caririemacao.com\/1\/wp-json\/wp\/v2\/posts\/44273","targetHints":{"allow":["GET"]}}],"collection":[{"href":"https:\/\/www.caririemacao.com\/1\/wp-json\/wp\/v2\/posts"}],"about":[{"href":"https:\/\/www.caririemacao.com\/1\/wp-json\/wp\/v2\/types\/post"}],"author":[{"embeddable":true,"href":"https:\/\/www.caririemacao.com\/1\/wp-json\/wp\/v2\/users\/2"}],"replies":[{"embeddable":true,"href":"https:\/\/www.caririemacao.com\/1\/wp-json\/wp\/v2\/comments?post=44273"}],"version-history":[{"count":0,"href":"https:\/\/www.caririemacao.com\/1\/wp-json\/wp\/v2\/posts\/44273\/revisions"}],"wp:featuredmedia":[{"embeddable":true,"href":"https:\/\/www.caririemacao.com\/1\/wp-json\/wp\/v2\/media\/41734"}],"wp:attachment":[{"href":"https:\/\/www.caririemacao.com\/1\/wp-json\/wp\/v2\/media?parent=44273"}],"wp:term":[{"taxonomy":"category","embeddable":true,"href":"https:\/\/www.caririemacao.com\/1\/wp-json\/wp\/v2\/categories?post=44273"},{"taxonomy":"post_tag","embeddable":true,"href":"https:\/\/www.caririemacao.com\/1\/wp-json\/wp\/v2\/tags?post=44273"}],"curies":[{"name":"wp","href":"https:\/\/api.w.org\/{rel}","templated":true}]}}