{"id":44275,"date":"2018-03-15T07:31:33","date_gmt":"2018-03-15T10:31:33","guid":{"rendered":"http:\/\/caririemacao.com\/1\/?p=44275"},"modified":"2018-03-15T07:31:33","modified_gmt":"2018-03-15T10:31:33","slug":"dupla-assalta-agencia-dos-correios-e-foge-com-imagens-do-circuito-de-seguranca","status":"publish","type":"post","link":"https:\/\/www.caririemacao.com\/1\/2018\/03\/15\/dupla-assalta-agencia-dos-correios-e-foge-com-imagens-do-circuito-de-seguranca\/","title":{"rendered":"Dupla assalta ag\u00eancia dos Correios e foge com imagens do circuito de seguran\u00e7a"},"content":{"rendered":"<div class=\"mc-column content-text active-extra-styles active-capital-letter\">\n<p class=\"content-text__container theme-color-primary-first-letter\">A ag\u00eancia dos Correios da cidade de Cubati, no Serid\u00f3 paraibano, foi assaltada por dois homens que invadiram o local na manh\u00e3 da quarta-feira (14). De acordo com o relato de funcion\u00e1rios da ag\u00eancia \u00e0 Pol\u00edcia Militar, ap\u00f3s praticar o roubo, a dupla fugiu levando um HD com as imagens de seguran\u00e7a da ag\u00eancia.<\/p>\n<\/div>\n<div class=\"mc-column content-text active-extra-styles \">\n<p class=\"content-text__container \">Ainda conforme as informa\u00e7\u00f5es repassadas \u00e0 Pol\u00edcia Militar, o caso aconteceu por volta das 9h30 quando os dois homens chegaram na ag\u00eancia j\u00e1 anunciando o assalto e intimidando as pessoas que estavam no local. Eles roubaram uma quantia em dinheiro n\u00e3o revelada e em seguida retiraram o HD que continha as imagens do circuito interno de seguran\u00e7a, provavelmente com a finalidade de dificultar a identifica\u00e7\u00e3o deles.<\/p>\n<\/div>\n<div>\n<div class=\"mc-column content-text active-extra-styles \">\n<p class=\"content-text__container \">Na fuga, a dupla roubou uma moto de cor preta, que foi abandonada alguns instantes depois na sa\u00edda da cidade. At\u00e9 as 14h20 dessa quarta-feira, os policiais ainda n\u00e3o haviam conseguido localizar os suspeitos.<\/p>\n<p><strong>CARIRI EM A\u00c7\u00c3O<\/strong><\/p>\n<p><em>Com Blog do M\u00e1rcio Rangel\/Foto:\u00a0Blog do M\u00e1rcio Rangel<\/em><\/p>\n<p><strong>Leia mais not\u00edcias em\u00a0<\/strong><a href=\"http:\/\/www.caririemacao.com\/\"><strong>caririemacao.com<\/strong><\/a><strong>, siga nossa p\u00e1gina no\u00a0<\/strong><a href=\"https:\/\/www.facebook.com\/CaririEmAcao\/?ref=aymt_homepage_panel\"><strong>Facebook<\/strong><\/a>,<strong>\u00a0<\/strong><a href=\"https:\/\/www.instagram.com\/cariri_em_acao\/?hl=pt-br\"><strong>Instagram<\/strong><\/a><strong>\u00a0e\u00a0<\/strong><a href=\"https:\/\/www.youtube.com\/channel\/UCAptA0jQuYQy8vMhLt2m4qg\"><strong>Youtube<\/strong><\/a><strong>\u00a0e veja nossas mat\u00e9rias, v\u00eddeos e fotos. Voc\u00ea tamb\u00e9m pode enviar informa\u00e7\u00f5es \u00e0 Reda\u00e7\u00e3o do Portal Cariri em A\u00e7\u00e3o pelo WhatsApp (83) 9 9634.5791, (83) 9 9601-1162.<\/strong><\/p>\n<\/div>\n<\/div>\n","protected":false},"excerpt":{"rendered":"<p>A ag\u00eancia dos Correios da cidade de Cubati, no Serid\u00f3 paraibano, foi assaltada por dois homens que invadiram o local na manh\u00e3 da quarta-feira (14).&hellip; <\/p>\n","protected":false},"author":2,"featured_media":44276,"comment_status":"closed","ping_status":"closed","sticky":false,"template":"","format":"standard","meta":{"sfsi_plus_gutenberg_text_before_share":"","sfsi_plus_gutenberg_show_text_before_share":"","sfsi_plus_gutenberg_icon_type":"","sfsi_plus_gutenberg_icon_alignemt":"","sfsi_plus_gutenburg_max_per_row":"","footnotes":""},"categories":[12],"tags":[],"class_list":["post-44275","post","type-post","status-publish","format-standard","has-post-thumbnail","hentry","category-policia"],"_links":{"self":[{"href":"https:\/\/www.caririemacao.com\/1\/wp-json\/wp\/v2\/posts\/44275","targetHints":{"allow":["GET"]}}],"collection":[{"href":"https:\/\/www.caririemacao.com\/1\/wp-json\/wp\/v2\/posts"}],"about":[{"href":"https:\/\/www.caririemacao.com\/1\/wp-json\/wp\/v2\/types\/post"}],"author":[{"embeddable":true,"href":"https:\/\/www.caririemacao.com\/1\/wp-json\/wp\/v2\/users\/2"}],"replies":[{"embeddable":true,"href":"https:\/\/www.caririemacao.com\/1\/wp-json\/wp\/v2\/comments?post=44275"}],"version-history":[{"count":0,"href":"https:\/\/www.caririemacao.com\/1\/wp-json\/wp\/v2\/posts\/44275\/revisions"}],"wp:featuredmedia":[{"embeddable":true,"href":"https:\/\/www.caririemacao.com\/1\/wp-json\/wp\/v2\/media\/44276"}],"wp:attachment":[{"href":"https:\/\/www.caririemacao.com\/1\/wp-json\/wp\/v2\/media?parent=44275"}],"wp:term":[{"taxonomy":"category","embeddable":true,"href":"https:\/\/www.caririemacao.com\/1\/wp-json\/wp\/v2\/categories?post=44275"},{"taxonomy":"post_tag","embeddable":true,"href":"https:\/\/www.caririemacao.com\/1\/wp-json\/wp\/v2\/tags?post=44275"}],"curies":[{"name":"wp","href":"https:\/\/api.w.org\/{rel}","templated":true}]}}