{"id":44278,"date":"2018-03-15T07:35:27","date_gmt":"2018-03-15T10:35:27","guid":{"rendered":"http:\/\/caririemacao.com\/1\/?p=44278"},"modified":"2018-03-15T07:35:27","modified_gmt":"2018-03-15T10:35:27","slug":"sargento-de-campina-grande-pb-e-assassinado-a-tiros-por-outro-policial-dentro-do-centro-de-formacao-da-pm","status":"publish","type":"post","link":"https:\/\/www.caririemacao.com\/1\/2018\/03\/15\/sargento-de-campina-grande-pb-e-assassinado-a-tiros-por-outro-policial-dentro-do-centro-de-formacao-da-pm\/","title":{"rendered":"Sargento de Campina Grande\/PB \u00e9 assassinado a tiros por outro policial dentro do Centro de Forma\u00e7\u00e3o da PM"},"content":{"rendered":"<p>Um sargento da Pol\u00edcia Militar foi assassinado na madrugada desta quinta-feira (15), dentro do alojamento do\u00a0Centro de Educa\u00e7\u00e3o da Pol\u00edcia Militar da Para\u00edba, no bairro de Mangabeira, em Jo\u00e3o Pessoa.<\/p>\n<p>O sargento J. L\u00facio, do munic\u00edpio de Campina Grande, no Agreste da Para\u00edba, foi morto com dois tiros. O sargento Lira \u00e9 o acusado de realizar os disparos.<\/p>\n<p>A v\u00edtima foi socorrida para o Hospital de Trauma da capital, por volta de 1h, mas chegou \u00e0 unidade sem vida.<\/p>\n<p><strong>CARIRI EM A\u00c7\u00c3O<\/strong><\/p>\n<p><em>Com Blog do M\u00e1rcio Rangel\/Foto:\u00a0Blog do M\u00e1rcio Rangel<\/em><\/p>\n<p><strong>Leia mais not\u00edcias em\u00a0<\/strong><a href=\"http:\/\/www.caririemacao.com\/\"><strong>caririemacao.com<\/strong><\/a><strong>, siga nossa p\u00e1gina no\u00a0<\/strong><a href=\"https:\/\/www.facebook.com\/CaririEmAcao\/?ref=aymt_homepage_panel\"><strong>Facebook<\/strong><\/a>,<strong>\u00a0<\/strong><a href=\"https:\/\/www.instagram.com\/cariri_em_acao\/?hl=pt-br\"><strong>Instagram<\/strong><\/a><strong>\u00a0e\u00a0<\/strong><a href=\"https:\/\/www.youtube.com\/channel\/UCAptA0jQuYQy8vMhLt2m4qg\"><strong>Youtube<\/strong><\/a><strong>\u00a0e veja nossas mat\u00e9rias, v\u00eddeos e fotos. Voc\u00ea tamb\u00e9m pode enviar informa\u00e7\u00f5es \u00e0 Reda\u00e7\u00e3o do Portal Cariri em A\u00e7\u00e3o pelo WhatsApp (83) 9 9634.5791, (83) 9 9601-1162.<\/strong><\/p>\n","protected":false},"excerpt":{"rendered":"<p>Um sargento da Pol\u00edcia Militar foi assassinado na madrugada desta quinta-feira (15), dentro do alojamento do\u00a0Centro de Educa\u00e7\u00e3o da Pol\u00edcia Militar da Para\u00edba, no bairro&hellip; <\/p>\n","protected":false},"author":2,"featured_media":44279,"comment_status":"closed","ping_status":"closed","sticky":false,"template":"","format":"standard","meta":{"sfsi_plus_gutenberg_text_before_share":"","sfsi_plus_gutenberg_show_text_before_share":"","sfsi_plus_gutenberg_icon_type":"","sfsi_plus_gutenberg_icon_alignemt":"","sfsi_plus_gutenburg_max_per_row":"","footnotes":""},"categories":[12],"tags":[],"class_list":["post-44278","post","type-post","status-publish","format-standard","has-post-thumbnail","hentry","category-policia"],"_links":{"self":[{"href":"https:\/\/www.caririemacao.com\/1\/wp-json\/wp\/v2\/posts\/44278","targetHints":{"allow":["GET"]}}],"collection":[{"href":"https:\/\/www.caririemacao.com\/1\/wp-json\/wp\/v2\/posts"}],"about":[{"href":"https:\/\/www.caririemacao.com\/1\/wp-json\/wp\/v2\/types\/post"}],"author":[{"embeddable":true,"href":"https:\/\/www.caririemacao.com\/1\/wp-json\/wp\/v2\/users\/2"}],"replies":[{"embeddable":true,"href":"https:\/\/www.caririemacao.com\/1\/wp-json\/wp\/v2\/comments?post=44278"}],"version-history":[{"count":0,"href":"https:\/\/www.caririemacao.com\/1\/wp-json\/wp\/v2\/posts\/44278\/revisions"}],"wp:featuredmedia":[{"embeddable":true,"href":"https:\/\/www.caririemacao.com\/1\/wp-json\/wp\/v2\/media\/44279"}],"wp:attachment":[{"href":"https:\/\/www.caririemacao.com\/1\/wp-json\/wp\/v2\/media?parent=44278"}],"wp:term":[{"taxonomy":"category","embeddable":true,"href":"https:\/\/www.caririemacao.com\/1\/wp-json\/wp\/v2\/categories?post=44278"},{"taxonomy":"post_tag","embeddable":true,"href":"https:\/\/www.caririemacao.com\/1\/wp-json\/wp\/v2\/tags?post=44278"}],"curies":[{"name":"wp","href":"https:\/\/api.w.org\/{rel}","templated":true}]}}