{"id":44286,"date":"2018-03-15T08:29:03","date_gmt":"2018-03-15T11:29:03","guid":{"rendered":"http:\/\/caririemacao.com\/1\/?p=44286"},"modified":"2018-03-15T08:29:03","modified_gmt":"2018-03-15T11:29:03","slug":"paraiba-tem-mais-de-1-100-casos-de-tuberculose-por-ano","status":"publish","type":"post","link":"https:\/\/www.caririemacao.com\/1\/2018\/03\/15\/paraiba-tem-mais-de-1-100-casos-de-tuberculose-por-ano\/","title":{"rendered":"Para\u00edba tem mais de 1.100 casos de tuberculose por ano"},"content":{"rendered":"<p>Mais de 1.100 casos de tuberculosa foram registrados na Para\u00edba no ano de 2017, de acordo com dados divulgados pela Secretaria de Sa\u00fade do Estado. Apesar de uma redu\u00e7\u00e3o em rela\u00e7\u00e3o ao ano anterior \u2013 em 2016, foram registrados 1.145 casos contra 1.121 em 2017 -, a secretaria destaca que a popula\u00e7\u00e3o deve ficar atenta aos sinais da doen\u00e7a e procurar os servi\u00e7os de atendimento caso haja alguma suspeita.<\/p>\n<p>Na Para\u00edba, o Complexo Hospitalar Clementino Fraga, em Jo\u00e3o Pessoa, \u00e9 refer\u00eancia no diagn\u00f3stico e tratamento da doen\u00e7a. Enquanto a propor\u00e7\u00e3o de cura da tuberculose no estado \u00e9 de 63,4%, no Clementino Fraga o n\u00famero chega aos 69%, segundo dados parciais.<\/p>\n<p>Conforme o Minist\u00e9rio da Sa\u00fade, todos os anos, no Brasil, s\u00e3o notificados aproximadamente 70 mil casos novos e ocorrem cerca de 4,5 mil mortes em decorr\u00eancia da tuberculose.<\/p>\n<p><strong>Sintomas e diagn\u00f3stico<\/strong><\/p>\n<p>O principal sintoma da tuberculose \u00e9 a tosse na forma seca ou produtiva. Por isso, recomenda-se que todo sintom\u00e1tico respirat\u00f3rio \u2013 pessoa com tosse por tr\u00eas semanas ou mais \u2013 seja investigado. H\u00e1 outros sinais e sintomas que podem estar presentes, como febre vespertina, sudorese noturna, emagrecimento e cansa\u00e7o\/fadiga. A forma extrapulmonar da doen\u00e7a \u2013 quando ela afeta outros \u00f3rg\u00e3os que n\u00e3o o pulm\u00e3o \u2013 ocorre mais comumente em pessoas que vivem com o HIV\/aids, especialmente entre aquelas com comprometimento imunol\u00f3gico.<\/p>\n<p>Para o diagn\u00f3stico da tuberculose s\u00e3o utilizados os seguintes exames: baciloscopia, teste r\u00e1pido molecular para tuberculose \u2013 o procedimento de base utilizado no Clementino Fraga \u2013 e cultura para micobact\u00e9ria, al\u00e9m da investiga\u00e7\u00e3o complementar por exames de imagem.<\/p>\n<p>O diagn\u00f3stico cl\u00ednico pode ser considerado, na impossibilidade de se comprovar a suspeita de tuberculose por meio de exames laboratoriais. Nesses casos, deve ser associado aos sinais e sintomas, o resultado de outros exames complementares, como imagem e histol\u00f3gicos.<\/p>\n<p><strong>Tratamento<\/strong><\/p>\n<p>A tuberculose tem cura e o tratamento composto por antibi\u00f3ticos, que dura no m\u00ednimo seis meses, \u00e9 gratuito e disponibilizado pelo Sistema \u00danico de Sa\u00fade (SUS).<\/p>\n<p>Logo nas primeiras semanas de tratamento, o paciente se sente melhor e, por isso, precisa ser orientado pelo profissional de sa\u00fade a realizar o tratamento at\u00e9 o final, independente da melhora dos sintomas. \u00c9 importante lembrar que o tratamento irregular pode complicar a doen\u00e7a e resultar no desenvolvimento de cepas resistentes aos medicamentos.<\/p>\n<p><strong>Semana de Combate \u00e0 Tuberculose<\/strong><\/p>\n<p>At\u00e9 sexta-feira (16), diversas atividades est\u00e3o sendo realizadas no Complexo Hospitalar Clementino Fraga em alus\u00e3o \u00e0 Semana de Combate \u00e0 Tuberculose. Na quinta-feira (15), uma equipe do hospital far\u00e1 abordagem ao p\u00fablico no Ponto de Cem R\u00e9is, no Centro da Capital. Na sexta-feira, no Clementino Fraga, haver\u00e1 triagem m\u00e9dica e a Cia. da Sa\u00fade e do Sorriso com suas a\u00e7\u00f5es educativas e informativas.<\/p>\n<p>J\u00e1 a Universidade Estadual da Para\u00edba (UEPB) inaugurou, nessa ter\u00e7a, o Laborat\u00f3rio de Diagn\u00f3stico da Tuberculose. O laborat\u00f3rio est\u00e1 localizado no Laborat\u00f3rio de An\u00e1lises Cl\u00ednicas (LAC) no campus I da universidade, em Campina Grande.<\/p>\n<p><strong>CARIRI EM A\u00c7\u00c3O<\/strong><\/p>\n<p><em>Com Jornal da Para\u00edba\/Foto:\u00a0Reprodu\u00e7\u00e3o google<\/em><\/p>\n<p><strong>Leia mais not\u00edcias em\u00a0<\/strong><a href=\"http:\/\/www.caririemacao.com\/\"><strong>caririemacao.com<\/strong><\/a><strong>, siga nossa p\u00e1gina no\u00a0<\/strong><a href=\"https:\/\/www.facebook.com\/CaririEmAcao\/?ref=aymt_homepage_panel\"><strong>Facebook<\/strong><\/a>,<strong>\u00a0<\/strong><a href=\"https:\/\/www.instagram.com\/cariri_em_acao\/?hl=pt-br\"><strong>Instagram<\/strong><\/a><strong>\u00a0e\u00a0<\/strong><a href=\"https:\/\/www.youtube.com\/channel\/UCAptA0jQuYQy8vMhLt2m4qg\"><strong>Youtube<\/strong><\/a><strong>\u00a0e veja nossas mat\u00e9rias, v\u00eddeos e fotos. Voc\u00ea tamb\u00e9m pode enviar informa\u00e7\u00f5es \u00e0 Reda\u00e7\u00e3o do Portal Cariri em A\u00e7\u00e3o pelo WhatsApp (83) 9 9634.5791, (83) 9 9601-1162.<\/strong><\/p>\n","protected":false},"excerpt":{"rendered":"<p>Mais de 1.100 casos de tuberculosa foram registrados na Para\u00edba no ano de 2017, de acordo com dados divulgados pela Secretaria de Sa\u00fade do Estado.&hellip; <\/p>\n","protected":false},"author":2,"featured_media":44287,"comment_status":"closed","ping_status":"closed","sticky":false,"template":"","format":"standard","meta":{"sfsi_plus_gutenberg_text_before_share":"","sfsi_plus_gutenberg_show_text_before_share":"","sfsi_plus_gutenberg_icon_type":"","sfsi_plus_gutenberg_icon_alignemt":"","sfsi_plus_gutenburg_max_per_row":"","footnotes":""},"categories":[16],"tags":[],"class_list":["post-44286","post","type-post","status-publish","format-standard","has-post-thumbnail","hentry","category-saude"],"_links":{"self":[{"href":"https:\/\/www.caririemacao.com\/1\/wp-json\/wp\/v2\/posts\/44286","targetHints":{"allow":["GET"]}}],"collection":[{"href":"https:\/\/www.caririemacao.com\/1\/wp-json\/wp\/v2\/posts"}],"about":[{"href":"https:\/\/www.caririemacao.com\/1\/wp-json\/wp\/v2\/types\/post"}],"author":[{"embeddable":true,"href":"https:\/\/www.caririemacao.com\/1\/wp-json\/wp\/v2\/users\/2"}],"replies":[{"embeddable":true,"href":"https:\/\/www.caririemacao.com\/1\/wp-json\/wp\/v2\/comments?post=44286"}],"version-history":[{"count":0,"href":"https:\/\/www.caririemacao.com\/1\/wp-json\/wp\/v2\/posts\/44286\/revisions"}],"wp:featuredmedia":[{"embeddable":true,"href":"https:\/\/www.caririemacao.com\/1\/wp-json\/wp\/v2\/media\/44287"}],"wp:attachment":[{"href":"https:\/\/www.caririemacao.com\/1\/wp-json\/wp\/v2\/media?parent=44286"}],"wp:term":[{"taxonomy":"category","embeddable":true,"href":"https:\/\/www.caririemacao.com\/1\/wp-json\/wp\/v2\/categories?post=44286"},{"taxonomy":"post_tag","embeddable":true,"href":"https:\/\/www.caririemacao.com\/1\/wp-json\/wp\/v2\/tags?post=44286"}],"curies":[{"name":"wp","href":"https:\/\/api.w.org\/{rel}","templated":true}]}}