{"id":44289,"date":"2018-03-15T08:34:08","date_gmt":"2018-03-15T11:34:08","guid":{"rendered":"http:\/\/caririemacao.com\/1\/?p=44289"},"modified":"2018-03-15T08:34:08","modified_gmt":"2018-03-15T11:34:08","slug":"ricardo-autoriza-pavimentacao-de-rodovia-inaugura-policlinica-e-participa-do-od","status":"publish","type":"post","link":"https:\/\/www.caririemacao.com\/1\/2018\/03\/15\/ricardo-autoriza-pavimentacao-de-rodovia-inaugura-policlinica-e-participa-do-od\/","title":{"rendered":"Ricardo autoriza pavimenta\u00e7\u00e3o de rodovia, inaugura policl\u00ednica e participa do OD"},"content":{"rendered":"<p>O governador Ricardo Coutinho vai assinar nesta quinta-feira (15), \u00e0s 10 h, na Pra\u00e7a Jo\u00e3o Jos\u00e9 Maroja, em Pilar, a ordem de servi\u00e7o para pavimenta\u00e7\u00e3o da rodovia PB-082, no trecho ligando o entroncamento da PB-048 Pilar\/Itabaiana, com 9,2 km de extens\u00e3o, representando um investimento de mais de R$ 5,5 milh\u00f5es, recursos pr\u00f3prios do Tesouro do Estado.<\/p>\n<p>\u00c0 tarde, o chefe do Executivo visita o munic\u00edpio de Juripiranga, onde inaugura a policl\u00ednica municipal \u2013 constru\u00edda com recursos do Pacto pelo Desenvolvimento Social \u2013 e \u00e0 noite, participa da plen\u00e1ria do Or\u00e7amento Democr\u00e1tico Estadual, no munic\u00edpio de Itabaiana.<\/p>\n<p><strong>Veja programa\u00e7\u00e3o:<\/strong><\/p>\n<p><strong>Data<\/strong>: 15\/03\/18 \u2013 Quinta-feira<\/p>\n<p>\u2013 Assinatura da ordem de servi\u00e7o para pavimenta\u00e7\u00e3o da PB-082, no trecho Pilar\/Itabaiana<\/p>\n<p><strong>Hora<\/strong>: 10h<\/p>\n<p><strong>Local:\u00a0<\/strong>Pra\u00e7a Jo\u00e3o Jos\u00e9 Maroja \u2013 Centro \u2013 Pilar<\/p>\n<p>\u2013 Inaugura\u00e7\u00e3o da Policl\u00ednica Muicipal<\/p>\n<p><strong>Hora<\/strong>: 15h<\/p>\n<p><strong>Local:\u00a0<\/strong>Rua Minas Gerais, s\/n \u2013 Centro \u2013 Juripiranga<\/p>\n<p>\u2013 Plen\u00e1ria do Or\u00e7amento Democr\u00e1tico Estadual da 12\u00aa Regi\u00e3o Or\u00e7ament\u00e1ria<\/p>\n<p><strong>Hora<\/strong>: 19h<\/p>\n<p><strong>Local:\u00a0<\/strong>Escola Estadual Cidad\u00e3 Integral T\u00e9cnica de Itabaiana<\/p>\n<p>Avenida Prefeito Ant\u00f4nio Batista Santiago \u2013 Centro \u2013 Itabaiana<\/p>\n<p><strong>CARIRI EM A\u00c7\u00c3O<\/strong><\/p>\n<p><em>Com Blog do Gordinho\/Foto:\u00a0Reprodu\u00e7\u00e3o google<\/em><\/p>\n<p><strong>Leia mais not\u00edcias em\u00a0<\/strong><a href=\"http:\/\/www.caririemacao.com\/\"><strong>caririemacao.com<\/strong><\/a><strong>, siga nossa p\u00e1gina no\u00a0<\/strong><a href=\"https:\/\/www.facebook.com\/CaririEmAcao\/?ref=aymt_homepage_panel\"><strong>Facebook<\/strong><\/a>,<strong>\u00a0<\/strong><a href=\"https:\/\/www.instagram.com\/cariri_em_acao\/?hl=pt-br\"><strong>Instagram<\/strong><\/a><strong>\u00a0e\u00a0<\/strong><a href=\"https:\/\/www.youtube.com\/channel\/UCAptA0jQuYQy8vMhLt2m4qg\"><strong>Youtube<\/strong><\/a><strong>\u00a0e veja nossas mat\u00e9rias, v\u00eddeos e fotos. Voc\u00ea tamb\u00e9m pode enviar informa\u00e7\u00f5es \u00e0 Reda\u00e7\u00e3o do Portal Cariri em A\u00e7\u00e3o pelo WhatsApp (83) 9 9634.5791, (83) 9 9601-1162.<\/strong><\/p>\n","protected":false},"excerpt":{"rendered":"<p>O governador Ricardo Coutinho vai assinar nesta quinta-feira (15), \u00e0s 10 h, na Pra\u00e7a Jo\u00e3o Jos\u00e9 Maroja, em Pilar, a ordem de servi\u00e7o para pavimenta\u00e7\u00e3o&hellip; <\/p>\n","protected":false},"author":2,"featured_media":44290,"comment_status":"closed","ping_status":"closed","sticky":false,"template":"","format":"standard","meta":{"sfsi_plus_gutenberg_text_before_share":"","sfsi_plus_gutenberg_show_text_before_share":"","sfsi_plus_gutenberg_icon_type":"","sfsi_plus_gutenberg_icon_alignemt":"","sfsi_plus_gutenburg_max_per_row":"","footnotes":""},"categories":[11],"tags":[],"class_list":["post-44289","post","type-post","status-publish","format-standard","has-post-thumbnail","hentry","category-politica"],"_links":{"self":[{"href":"https:\/\/www.caririemacao.com\/1\/wp-json\/wp\/v2\/posts\/44289","targetHints":{"allow":["GET"]}}],"collection":[{"href":"https:\/\/www.caririemacao.com\/1\/wp-json\/wp\/v2\/posts"}],"about":[{"href":"https:\/\/www.caririemacao.com\/1\/wp-json\/wp\/v2\/types\/post"}],"author":[{"embeddable":true,"href":"https:\/\/www.caririemacao.com\/1\/wp-json\/wp\/v2\/users\/2"}],"replies":[{"embeddable":true,"href":"https:\/\/www.caririemacao.com\/1\/wp-json\/wp\/v2\/comments?post=44289"}],"version-history":[{"count":0,"href":"https:\/\/www.caririemacao.com\/1\/wp-json\/wp\/v2\/posts\/44289\/revisions"}],"wp:featuredmedia":[{"embeddable":true,"href":"https:\/\/www.caririemacao.com\/1\/wp-json\/wp\/v2\/media\/44290"}],"wp:attachment":[{"href":"https:\/\/www.caririemacao.com\/1\/wp-json\/wp\/v2\/media?parent=44289"}],"wp:term":[{"taxonomy":"category","embeddable":true,"href":"https:\/\/www.caririemacao.com\/1\/wp-json\/wp\/v2\/categories?post=44289"},{"taxonomy":"post_tag","embeddable":true,"href":"https:\/\/www.caririemacao.com\/1\/wp-json\/wp\/v2\/tags?post=44289"}],"curies":[{"name":"wp","href":"https:\/\/api.w.org\/{rel}","templated":true}]}}