{"id":44292,"date":"2018-03-15T08:42:28","date_gmt":"2018-03-15T11:42:28","guid":{"rendered":"http:\/\/caririemacao.com\/1\/?p=44292"},"modified":"2018-03-15T10:17:51","modified_gmt":"2018-03-15T13:17:51","slug":"vice-prefeito-de-camalau-se-reune-com-secretario-de-educacao-do-estado","status":"publish","type":"post","link":"https:\/\/www.caririemacao.com\/1\/2018\/03\/15\/vice-prefeito-de-camalau-se-reune-com-secretario-de-educacao-do-estado\/","title":{"rendered":"Vice-prefeito de Camala\u00fa se re\u00fane com secret\u00e1rio de educa\u00e7\u00e3o do Estado"},"content":{"rendered":"<p>Nesta quarta-feira, o vice-prefeito de Camala\u00fa, Ezequiel S\u00f3stenes, esteve no Pal\u00e1cio da Reden\u00e7\u00e3o, em Jo\u00e3o Pessoa, participando de uma reuni\u00e3o com o secret\u00e1rio de Educa\u00e7\u00e3o do Estado, Al\u00e9ssio Trindade.<\/p>\n<p><a href=\"http:\/\/caririemacao.com\/1\/?attachment_id=44293\" rel=\"attachment wp-att-44293\"><img fetchpriority=\"high\" decoding=\"async\" class=\"aligncenter size-full wp-image-44293\" src=\"http:\/\/caririemacao.com\/1\/wp-content\/uploads\/2018\/03\/29196698_428484847573509_4379995785761128448_n.jpg\" alt=\"\" width=\"960\" height=\"540\" srcset=\"https:\/\/www.caririemacao.com\/1\/wp-content\/uploads\/2018\/03\/29196698_428484847573509_4379995785761128448_n.jpg 960w, https:\/\/www.caririemacao.com\/1\/wp-content\/uploads\/2018\/03\/29196698_428484847573509_4379995785761128448_n-300x169.jpg 300w, https:\/\/www.caririemacao.com\/1\/wp-content\/uploads\/2018\/03\/29196698_428484847573509_4379995785761128448_n-768x432.jpg 768w\" sizes=\"(max-width: 960px) 100vw, 960px\" \/><\/a><\/p>\n<p>Na reuni\u00e3o, participaram v\u00e1rios representantes da educa\u00e7\u00e3o na Para\u00edba capitaneados pelo gerente da 5\u00aa Regi\u00e3o de Educa\u00e7\u00e3o, Ary Prata, onde discutiram as pr\u00e1ticas did\u00e1ticas no Semi\u00e1rido e sobre as possibilidades de projetos futuros.<\/p>\n<p>Na oportunidade, Kiel apresentou os projetos que est\u00e3o sendo executando h\u00e1 anos em Camala\u00fa e que hoje s\u00e3o refer\u00eancias em todo o Estado.<\/p>\n<p>Logo ap\u00f3s, o vice-prefeito participou do lan\u00e7amento do Programa Gira Mundo Israel Semi\u00e1rido, apresentado pelo governador Ricardo Vieira Coutinho.<\/p>\n<p><strong>CARIRI EM A\u00c7\u00c3O<\/strong><\/p>\n<p>Leia mais not\u00edcias em\u00a0<a style=\"font-style: inherit; font-weight: inherit;\" href=\"http:\/\/www.caririemacao.com\/\">caririemacao.com<\/a>, siga nossa p\u00e1gina no\u00a0<a style=\"font-style: inherit; font-weight: inherit;\" href=\"https:\/\/www.facebook.com\/CaririEmAcao\/?ref=aymt_homepage_panel\">Facebook<\/a>,\u00a0<a style=\"font-style: inherit; font-weight: inherit;\" href=\"https:\/\/www.instagram.com\/cariri_em_acao\/?hl=pt-br\">Instagram<\/a>\u00a0e\u00a0<a style=\"font-style: inherit; font-weight: inherit;\" href=\"https:\/\/www.youtube.com\/channel\/UCAptA0jQuYQy8vMhLt2m4qg\">Youtube<\/a>\u00a0e veja nossas mat\u00e9rias, v\u00eddeos e fotos. Voc\u00ea tamb\u00e9m pode enviar informa\u00e7\u00f5es \u00e0 Reda\u00e7\u00e3o do Portal Cariri em A\u00e7\u00e3o pelo WhatsApp (83) 9 9634.5791, (83) 9 9601-1162.<\/p>\n","protected":false},"excerpt":{"rendered":"<p>Nesta quarta-feira, o vice-prefeito de Camala\u00fa, Ezequiel S\u00f3stenes, esteve no Pal\u00e1cio da Reden\u00e7\u00e3o, em Jo\u00e3o Pessoa, participando de uma reuni\u00e3o com o secret\u00e1rio de Educa\u00e7\u00e3o&hellip; <\/p>\n","protected":false},"author":2,"featured_media":44294,"comment_status":"closed","ping_status":"closed","sticky":false,"template":"","format":"standard","meta":{"sfsi_plus_gutenberg_text_before_share":"","sfsi_plus_gutenberg_show_text_before_share":"","sfsi_plus_gutenberg_icon_type":"","sfsi_plus_gutenberg_icon_alignemt":"","sfsi_plus_gutenburg_max_per_row":"","footnotes":""},"categories":[11],"tags":[],"class_list":["post-44292","post","type-post","status-publish","format-standard","has-post-thumbnail","hentry","category-politica"],"_links":{"self":[{"href":"https:\/\/www.caririemacao.com\/1\/wp-json\/wp\/v2\/posts\/44292","targetHints":{"allow":["GET"]}}],"collection":[{"href":"https:\/\/www.caririemacao.com\/1\/wp-json\/wp\/v2\/posts"}],"about":[{"href":"https:\/\/www.caririemacao.com\/1\/wp-json\/wp\/v2\/types\/post"}],"author":[{"embeddable":true,"href":"https:\/\/www.caririemacao.com\/1\/wp-json\/wp\/v2\/users\/2"}],"replies":[{"embeddable":true,"href":"https:\/\/www.caririemacao.com\/1\/wp-json\/wp\/v2\/comments?post=44292"}],"version-history":[{"count":0,"href":"https:\/\/www.caririemacao.com\/1\/wp-json\/wp\/v2\/posts\/44292\/revisions"}],"wp:featuredmedia":[{"embeddable":true,"href":"https:\/\/www.caririemacao.com\/1\/wp-json\/wp\/v2\/media\/44294"}],"wp:attachment":[{"href":"https:\/\/www.caririemacao.com\/1\/wp-json\/wp\/v2\/media?parent=44292"}],"wp:term":[{"taxonomy":"category","embeddable":true,"href":"https:\/\/www.caririemacao.com\/1\/wp-json\/wp\/v2\/categories?post=44292"},{"taxonomy":"post_tag","embeddable":true,"href":"https:\/\/www.caririemacao.com\/1\/wp-json\/wp\/v2\/tags?post=44292"}],"curies":[{"name":"wp","href":"https:\/\/api.w.org\/{rel}","templated":true}]}}