{"id":44296,"date":"2018-03-15T09:45:34","date_gmt":"2018-03-15T12:45:34","guid":{"rendered":"http:\/\/caririemacao.com\/1\/?p=44296"},"modified":"2018-03-15T09:46:19","modified_gmt":"2018-03-15T12:46:19","slug":"prefeito-eden-viabiliza-recursos-junto-ao-deputado-federal-wellington-roberto","status":"publish","type":"post","link":"https:\/\/www.caririemacao.com\/1\/2018\/03\/15\/prefeito-eden-viabiliza-recursos-junto-ao-deputado-federal-wellington-roberto\/","title":{"rendered":"Prefeito \u00c9den viabiliza recursos junto ao deputado federal Wellington Roberto"},"content":{"rendered":"<p>O prefeito de Sum\u00e9 \u00c9den Duarte continua em Bras\u00edlia, em busca de recursos e projetos para o munic\u00edpio de Sum\u00e9.<\/p>\n<p>Na \u00faltima quarta-feira (14), \u00c9den esteve com o deputado federal Wellington Roberto conseguindo liberar R$ 300 mil de emenda para serem aplicados na Aten\u00e7\u00e3o B\u00e1sica da Sa\u00fade.<\/p>\n<p>Al\u00e9m desse valor, Wellington Roberto destinou para Sum\u00e9 mais R$ 100 mil para o Cons\u00f3rcio Intermunicipal de Sa\u00fade do Cariri Ocidental (Cisco), que servir\u00e3o para a compra de equipamentos.<\/p>\n<p>Mais uma vez \u00c9den agradeceu ao deputado por todas as emendas que ele tem destinado para Sum\u00e9, desta vez em especial, a que foi direcionada para a constru\u00e7\u00e3o de uma unidade b\u00e1sica de sa\u00fade, no s\u00edtio Carna\u00faba, na ordem de R$ 227 mil.<\/p>\n<p>O prefeito e o deputado buscam agora junto ao Minist\u00e9rio a r\u00e1pida libera\u00e7\u00e3o deste recurso, al\u00e9m de consultarem outros \u00f3rg\u00e3os para a acompanhar projetos de Sum\u00e9 que est\u00e3o em andamento, aguardando libera\u00e7\u00e3o.<\/p>\n<p><strong>CARIRI EM A\u00c7\u00c3O<\/strong><\/p>\n<p><em>Com Ascom\/Foto: Ascom<\/em><\/p>\n<p><strong>Leia mais not\u00edcias em\u00a0<\/strong><a href=\"http:\/\/www.caririemacao.com\/\"><strong>caririemacao.com<\/strong><\/a><strong>, siga nossa p\u00e1gina no\u00a0<\/strong><a href=\"https:\/\/www.facebook.com\/CaririEmAcao\/?ref=aymt_homepage_panel\"><strong>Facebook<\/strong><\/a>,<strong>\u00a0<\/strong><a href=\"https:\/\/www.instagram.com\/cariri_em_acao\/?hl=pt-br\"><strong>Instagram<\/strong><\/a><strong>\u00a0e\u00a0<\/strong><a href=\"https:\/\/www.youtube.com\/channel\/UCAptA0jQuYQy8vMhLt2m4qg\"><strong>Youtube<\/strong><\/a><strong>\u00a0e veja nossas mat\u00e9rias, v\u00eddeos e fotos. Voc\u00ea tamb\u00e9m pode enviar informa\u00e7\u00f5es \u00e0 Reda\u00e7\u00e3o do Portal Cariri em A\u00e7\u00e3o pelo WhatsApp (83) 9 9634.5791, (83) 9 9601-1162.<\/strong><\/p>\n","protected":false},"excerpt":{"rendered":"<p>O prefeito de Sum\u00e9 \u00c9den Duarte continua em Bras\u00edlia, em busca de recursos e projetos para o munic\u00edpio de Sum\u00e9. Na \u00faltima quarta-feira (14), \u00c9den&hellip; <\/p>\n","protected":false},"author":2,"featured_media":44297,"comment_status":"closed","ping_status":"closed","sticky":false,"template":"","format":"standard","meta":{"sfsi_plus_gutenberg_text_before_share":"","sfsi_plus_gutenberg_show_text_before_share":"","sfsi_plus_gutenberg_icon_type":"","sfsi_plus_gutenberg_icon_alignemt":"","sfsi_plus_gutenburg_max_per_row":"","footnotes":""},"categories":[6],"tags":[],"class_list":["post-44296","post","type-post","status-publish","format-standard","has-post-thumbnail","hentry","category-cidades"],"_links":{"self":[{"href":"https:\/\/www.caririemacao.com\/1\/wp-json\/wp\/v2\/posts\/44296","targetHints":{"allow":["GET"]}}],"collection":[{"href":"https:\/\/www.caririemacao.com\/1\/wp-json\/wp\/v2\/posts"}],"about":[{"href":"https:\/\/www.caririemacao.com\/1\/wp-json\/wp\/v2\/types\/post"}],"author":[{"embeddable":true,"href":"https:\/\/www.caririemacao.com\/1\/wp-json\/wp\/v2\/users\/2"}],"replies":[{"embeddable":true,"href":"https:\/\/www.caririemacao.com\/1\/wp-json\/wp\/v2\/comments?post=44296"}],"version-history":[{"count":0,"href":"https:\/\/www.caririemacao.com\/1\/wp-json\/wp\/v2\/posts\/44296\/revisions"}],"wp:featuredmedia":[{"embeddable":true,"href":"https:\/\/www.caririemacao.com\/1\/wp-json\/wp\/v2\/media\/44297"}],"wp:attachment":[{"href":"https:\/\/www.caririemacao.com\/1\/wp-json\/wp\/v2\/media?parent=44296"}],"wp:term":[{"taxonomy":"category","embeddable":true,"href":"https:\/\/www.caririemacao.com\/1\/wp-json\/wp\/v2\/categories?post=44296"},{"taxonomy":"post_tag","embeddable":true,"href":"https:\/\/www.caririemacao.com\/1\/wp-json\/wp\/v2\/tags?post=44296"}],"curies":[{"name":"wp","href":"https:\/\/api.w.org\/{rel}","templated":true}]}}