{"id":44300,"date":"2018-03-15T09:50:48","date_gmt":"2018-03-15T12:50:48","guid":{"rendered":"http:\/\/caririemacao.com\/1\/?p=44300"},"modified":"2018-03-15T09:50:48","modified_gmt":"2018-03-15T12:50:48","slug":"uepb-abre-inscricoes-para-38-vagas-remanescentes-do-sisu-2017-2","status":"publish","type":"post","link":"https:\/\/www.caririemacao.com\/1\/2018\/03\/15\/uepb-abre-inscricoes-para-38-vagas-remanescentes-do-sisu-2017-2\/","title":{"rendered":"UEPB abre inscri\u00e7\u00f5es para 38 vagas remanescentes do Sisu 2017.2"},"content":{"rendered":"<p>Come\u00e7ou nesta quinta-feira (15) as inscri\u00e7\u00f5es para o preenchimento de 38 vagas remanescentes para cursos de gradua\u00e7\u00e3o da Universidade Estadual da Para\u00edba (UEPB), atrav\u00e9s do Sistema de Sele\u00e7\u00e3o Unificada (Sisu) do per\u00edodo 2017.2. As vagas s\u00e3o destinadas para estudantes graduados em qualquer \u00e1rea do conhecimento. O prazo para inscri\u00e7\u00f5es encerra na sexta-feira (16).<\/p>\n<p>Das 38 vagas dispon\u00edveis, 20 vagas s\u00e3o direcionadas para o curso de Bacharelado em Rela\u00e7\u00f5es Internacionais e 18 para o curso de Bacharelado em Ci\u00eancias Biol\u00f3gicas, ambos no Campus V, na cidade de Jo\u00e3o Pessoa.<\/p>\n<p>A sele\u00e7\u00e3o dos candidatos ser\u00e1 realizada em ordem decrescente da pontua\u00e7\u00e3o, observando<br \/>\no Coeficiente de Rendimento Escolar (CRE). De acordo com o Edital, o resultado deve ser divulgado no dia 19 de mar\u00e7o.<\/p>\n<p><strong>Inscri\u00e7\u00f5es<\/strong><\/p>\n<p>Os interessados em concorrer as vagas devem procurar as coordena\u00e7\u00f5es dos cursos, no hor\u00e1rio de atendimento das 7h \u00e0s 11h e fazer o preenchimento de um formul\u00e1rio. \u00c9 necess\u00e1rio tamb\u00e9m apresentar os seguintes documentos de identifica\u00e7\u00e3o, com\u00a0c\u00f3pias autenticadas. As informa\u00e7\u00f5es s\u00e3o do\u00a0Jornal da Para\u00edba.<\/p>\n<p>Diploma ou Certid\u00e3o de conclus\u00e3o de curso de gradua\u00e7\u00e3o;<br \/>\nHist\u00f3rico Escolar do curso de gradua\u00e7\u00e3o (programas das disciplinas cursadas);<br \/>\nCertificado de Conclus\u00e3o do Ensino M\u00e9dio;<br \/>\nHist\u00f3rico Escolar do Ensino M\u00e9dio;<br \/>\nRegistro de Nascimento;<br \/>\nCertid\u00e3o de Casamento (se for o caso);<br \/>\nCarteira de Identidade;<br \/>\nCadastro de Pessoa F\u00edsica (CPF);<br \/>\nComprovante de quita\u00e7\u00e3o com o Servi\u00e7o Militar;<br \/>\nComprovante de quita\u00e7\u00e3o Eleitoral;<br \/>\nFoto 3\u00d74.<\/p>\n<p><strong>CARIRI EM A\u00c7\u00c3O<\/strong><\/p>\n<p><em>Com Wscom\/Foto: Reprodu\u00e7\u00e3o google<\/em><\/p>\n<p><strong>Leia mais not\u00edcias em\u00a0<\/strong><a href=\"http:\/\/www.caririemacao.com\/\"><strong>caririemacao.com<\/strong><\/a><strong>, siga nossa p\u00e1gina no\u00a0<\/strong><a href=\"https:\/\/www.facebook.com\/CaririEmAcao\/?ref=aymt_homepage_panel\"><strong>Facebook<\/strong><\/a>,<strong>\u00a0<\/strong><a href=\"https:\/\/www.instagram.com\/cariri_em_acao\/?hl=pt-br\"><strong>Instagram<\/strong><\/a><strong>\u00a0e\u00a0<\/strong><a href=\"https:\/\/www.youtube.com\/channel\/UCAptA0jQuYQy8vMhLt2m4qg\"><strong>Youtube<\/strong><\/a><strong>\u00a0e veja nossas mat\u00e9rias, v\u00eddeos e fotos. Voc\u00ea tamb\u00e9m pode enviar informa\u00e7\u00f5es \u00e0 Reda\u00e7\u00e3o do Portal Cariri em A\u00e7\u00e3o pelo WhatsApp (83) 9 9634.5791, (83) 9 9601-1162.<\/strong><\/p>\n","protected":false},"excerpt":{"rendered":"<p>Come\u00e7ou nesta quinta-feira (15) as inscri\u00e7\u00f5es para o preenchimento de 38 vagas remanescentes para cursos de gradua\u00e7\u00e3o da Universidade Estadual da Para\u00edba (UEPB), atrav\u00e9s do&hellip; <\/p>\n","protected":false},"author":2,"featured_media":9990,"comment_status":"closed","ping_status":"closed","sticky":false,"template":"","format":"standard","meta":{"sfsi_plus_gutenberg_text_before_share":"","sfsi_plus_gutenberg_show_text_before_share":"","sfsi_plus_gutenberg_icon_type":"","sfsi_plus_gutenberg_icon_alignemt":"","sfsi_plus_gutenburg_max_per_row":"","footnotes":""},"categories":[14],"tags":[],"class_list":["post-44300","post","type-post","status-publish","format-standard","has-post-thumbnail","hentry","category-educacao"],"_links":{"self":[{"href":"https:\/\/www.caririemacao.com\/1\/wp-json\/wp\/v2\/posts\/44300","targetHints":{"allow":["GET"]}}],"collection":[{"href":"https:\/\/www.caririemacao.com\/1\/wp-json\/wp\/v2\/posts"}],"about":[{"href":"https:\/\/www.caririemacao.com\/1\/wp-json\/wp\/v2\/types\/post"}],"author":[{"embeddable":true,"href":"https:\/\/www.caririemacao.com\/1\/wp-json\/wp\/v2\/users\/2"}],"replies":[{"embeddable":true,"href":"https:\/\/www.caririemacao.com\/1\/wp-json\/wp\/v2\/comments?post=44300"}],"version-history":[{"count":0,"href":"https:\/\/www.caririemacao.com\/1\/wp-json\/wp\/v2\/posts\/44300\/revisions"}],"wp:featuredmedia":[{"embeddable":true,"href":"https:\/\/www.caririemacao.com\/1\/wp-json\/wp\/v2\/media\/9990"}],"wp:attachment":[{"href":"https:\/\/www.caririemacao.com\/1\/wp-json\/wp\/v2\/media?parent=44300"}],"wp:term":[{"taxonomy":"category","embeddable":true,"href":"https:\/\/www.caririemacao.com\/1\/wp-json\/wp\/v2\/categories?post=44300"},{"taxonomy":"post_tag","embeddable":true,"href":"https:\/\/www.caririemacao.com\/1\/wp-json\/wp\/v2\/tags?post=44300"}],"curies":[{"name":"wp","href":"https:\/\/api.w.org\/{rel}","templated":true}]}}