{"id":44309,"date":"2018-03-15T06:15:07","date_gmt":"2018-03-15T09:15:07","guid":{"rendered":"http:\/\/caririemacao.com\/1\/?p=44309"},"modified":"2018-03-15T12:17:35","modified_gmt":"2018-03-15T15:17:35","slug":"parlamentares-do-pt-fazem-mutirao-no-supremo-para-evitar-prisao-de-lula","status":"publish","type":"post","link":"https:\/\/www.caririemacao.com\/1\/2018\/03\/15\/parlamentares-do-pt-fazem-mutirao-no-supremo-para-evitar-prisao-de-lula\/","title":{"rendered":"Parlamentares do PT fazem mutir\u00e3o no Supremo para evitar pris\u00e3o de Lula"},"content":{"rendered":"<p><span class=\"news_capital_letter\">\u00c0<\/span>s voltas com a possibilidade de ver Lula preso nos pr\u00f3ximos dias, quando se esgotam os recursos contra a condena\u00e7\u00e3o no Tribunal Regional Federal (TRF) no caso do tr\u00edplex, o PT iniciou um mutir\u00e3o para salvar seu l\u00edder maior. O l\u00edder do partido na C\u00e2mara cobrou que o STF paute a discuss\u00e3o do habeas corpus como mat\u00e9ria priorit\u00e1ria.<\/p>\n<p>Paulo Pimenta (PT-RS) fez a cobran\u00e7a falando \u00e0 imprensa, na \u00faltima quarta-feira (14), depois de uma reuni\u00e3o em que ele e mais 19 colegas de partido entregaram \u00e0 presidente do Supremo Tribunal Federal, C\u00e1rmen L\u00facia, um documento assinado pelos l\u00edderes de 13 siglas contra a pris\u00e3o ap\u00f3s julgamento na segunda inst\u00e2ncia. O deputado ressaltou a indisposi\u00e7\u00e3o da ministra em pautar a\u00e7\u00f5es que tratam de execu\u00e7\u00e3o antecipada da pena.<\/p>\n<p>O PT agora recai suas esperan\u00e7as sobre o ministro Edson Fachin, relator da Lava Jato, a quem cabe de fato levar o caso espec\u00edfico do ex-presidente \u00e0 discuss\u00e3o. Mais cedo, um dos advogados de Lula, Sep\u00falveda Pertence, deu declara\u00e7\u00f5es semelhantes e defendeu que o relator deve pautar o pedido. (Sputnik).<\/p>\n<p><strong>CARIRI EM A\u00c7\u00c3O<\/strong><\/p>\n<p><em>Com Not\u00edcia ao Minuto\/Foto:\u00a0Divulga\u00e7\u00e3o<\/em><\/p>\n<p><strong>Leia mais not\u00edcias em\u00a0<\/strong><a href=\"http:\/\/www.caririemacao.com\/\"><strong>caririemacao.com<\/strong><\/a><strong>, siga nossa p\u00e1gina no\u00a0<\/strong><a href=\"https:\/\/www.facebook.com\/CaririEmAcao\/?ref=aymt_homepage_panel\"><strong>Facebook<\/strong><\/a>,<strong>\u00a0<\/strong><a href=\"https:\/\/www.instagram.com\/cariri_em_acao\/?hl=pt-br\"><strong>Instagram<\/strong><\/a><strong>\u00a0e\u00a0<\/strong><a href=\"https:\/\/www.youtube.com\/channel\/UCAptA0jQuYQy8vMhLt2m4qg\"><strong>Youtube<\/strong><\/a><strong>\u00a0e veja nossas mat\u00e9rias, v\u00eddeos e fotos. Voc\u00ea tamb\u00e9m pode enviar informa\u00e7\u00f5es \u00e0 Reda\u00e7\u00e3o do Portal Cariri em A\u00e7\u00e3o pelo WhatsApp (83) 9 9634.5791, (83) 9 9601-1162.<\/strong><\/p>\n","protected":false},"excerpt":{"rendered":"<p>\u00c0s voltas com a possibilidade de ver Lula preso nos pr\u00f3ximos dias, quando se esgotam os recursos contra a condena\u00e7\u00e3o no Tribunal Regional Federal (TRF)&hellip; <\/p>\n","protected":false},"author":2,"featured_media":44311,"comment_status":"closed","ping_status":"closed","sticky":false,"template":"","format":"standard","meta":{"sfsi_plus_gutenberg_text_before_share":"","sfsi_plus_gutenberg_show_text_before_share":"","sfsi_plus_gutenberg_icon_type":"","sfsi_plus_gutenberg_icon_alignemt":"","sfsi_plus_gutenburg_max_per_row":"","footnotes":""},"categories":[11],"tags":[],"class_list":["post-44309","post","type-post","status-publish","format-standard","has-post-thumbnail","hentry","category-politica"],"_links":{"self":[{"href":"https:\/\/www.caririemacao.com\/1\/wp-json\/wp\/v2\/posts\/44309","targetHints":{"allow":["GET"]}}],"collection":[{"href":"https:\/\/www.caririemacao.com\/1\/wp-json\/wp\/v2\/posts"}],"about":[{"href":"https:\/\/www.caririemacao.com\/1\/wp-json\/wp\/v2\/types\/post"}],"author":[{"embeddable":true,"href":"https:\/\/www.caririemacao.com\/1\/wp-json\/wp\/v2\/users\/2"}],"replies":[{"embeddable":true,"href":"https:\/\/www.caririemacao.com\/1\/wp-json\/wp\/v2\/comments?post=44309"}],"version-history":[{"count":0,"href":"https:\/\/www.caririemacao.com\/1\/wp-json\/wp\/v2\/posts\/44309\/revisions"}],"wp:featuredmedia":[{"embeddable":true,"href":"https:\/\/www.caririemacao.com\/1\/wp-json\/wp\/v2\/media\/44311"}],"wp:attachment":[{"href":"https:\/\/www.caririemacao.com\/1\/wp-json\/wp\/v2\/media?parent=44309"}],"wp:term":[{"taxonomy":"category","embeddable":true,"href":"https:\/\/www.caririemacao.com\/1\/wp-json\/wp\/v2\/categories?post=44309"},{"taxonomy":"post_tag","embeddable":true,"href":"https:\/\/www.caririemacao.com\/1\/wp-json\/wp\/v2\/tags?post=44309"}],"curies":[{"name":"wp","href":"https:\/\/api.w.org\/{rel}","templated":true}]}}