{"id":44314,"date":"2018-03-15T11:17:41","date_gmt":"2018-03-15T14:17:41","guid":{"rendered":"http:\/\/caririemacao.com\/1\/?p=44314"},"modified":"2018-03-15T11:17:41","modified_gmt":"2018-03-15T14:17:41","slug":"trf-4-decide-que-lula-sera-avisado-48h-antes-de-julgamento-decisivo","status":"publish","type":"post","link":"https:\/\/www.caririemacao.com\/1\/2018\/03\/15\/trf-4-decide-que-lula-sera-avisado-48h-antes-de-julgamento-decisivo\/","title":{"rendered":"TRF-4 decide que Lula ser\u00e1 avisado 48h antes de julgamento decisivo"},"content":{"rendered":"<p><span class=\"news_capital_letter\">O\u00a0<\/span>desembargador Jo\u00e3o Pedro Gebran Neto, do Tribunal Regional Federal da 4\u00aa Regi\u00e3o, sediado em Porto Alegre, decidiu ontem (14) que a defesa do ex-presidente Luiz In\u00e1cio Lula da Silva ser\u00e1 notificada 48 horas antes do julgamento decisivo para o petista, quando devem ser analisados os embargos de declara\u00e7\u00e3o.<\/p>\n<p>A decis\u00e3o do magistrado foi motivada por um pedido feito na semana passada pelos advogados do ex-presidente, no qual a defesa pedia que fosse notificada com anteced\u00eancia m\u00ednima de cinco dias sobre a inclus\u00e3o do \u00faltimo recurso contra a condena\u00e7\u00e3o do ex-presidente na Opera\u00e7\u00e3o Lava Jato na pauta de julgamentos da 8\u00aa Turma, na segunda inst\u00e2ncia da Justi\u00e7a Federal.<\/p>\n<p>Ao decidir o caso, Gebran entendeu que o processo tramita de forma eletr\u00f4nica e a notifica\u00e7\u00e3o para julgamento ocorrer\u00e1 com 48 horas. \u201cTodos os atos do processo s\u00e3o realizados diretamente na plataforma eletr\u00f4nica, dentre as quais as comunica\u00e7\u00f5es de inclus\u00e3o em mesa para julgamento, com 48 horas m\u00ednimas de anteced\u00eancia, sem efeito de intima\u00e7\u00e3o, cabendo aos representantes legais diligenciarem diretamente no e-Proc [sistema eletr\u00f4nico] acerca da data da sess\u00e3o.\u201d<\/p>\n<p>No dia 24 de janeiro, o TRF4 confirmou a condena\u00e7\u00e3o de Lula na a\u00e7\u00e3o penal envolvendo o triplex em Guaruj\u00e1 (SP). Na decis\u00e3o, seguindo entendimento do Supremo Tribunal Federal (STF), os desembargadores entenderam que a execu\u00e7\u00e3o da pena do ex-presidente deve ocorrer ap\u00f3s o esgotamento dos recursos na segunda inst\u00e2ncia. Com o placar un\u00e2nime de tr\u00eas votos, cabem \u00e0 defesa somente os chamados embargos de declara\u00e7\u00e3o, tipo de recurso que n\u00e3o tem o poder de reformar a decis\u00e3o. Assim, se os embargos forem rejeitados, Lula poder\u00e1 ser preso, caso n\u00e3o consiga uma liminar em tribunal superior.<\/p>\n<p><strong>CARIRI EM A\u00c7\u00c3O<\/strong><\/p>\n<p><em>Com Not\u00edcia ao Minuto\/Foto:\u00a0Sylvio Sirangelo\/TRF4<\/em><\/p>\n<p><strong>Leia mais not\u00edcias em\u00a0<\/strong><a href=\"http:\/\/www.caririemacao.com\/\"><strong>caririemacao.com<\/strong><\/a><strong>, siga nossa p\u00e1gina no\u00a0<\/strong><a href=\"https:\/\/www.facebook.com\/CaririEmAcao\/?ref=aymt_homepage_panel\"><strong>Facebook<\/strong><\/a>,<strong>\u00a0<\/strong><a href=\"https:\/\/www.instagram.com\/cariri_em_acao\/?hl=pt-br\"><strong>Instagram<\/strong><\/a><strong>\u00a0e\u00a0<\/strong><a href=\"https:\/\/www.youtube.com\/channel\/UCAptA0jQuYQy8vMhLt2m4qg\"><strong>Youtube<\/strong><\/a><strong>\u00a0e veja nossas mat\u00e9rias, v\u00eddeos e fotos. Voc\u00ea tamb\u00e9m pode enviar informa\u00e7\u00f5es \u00e0 Reda\u00e7\u00e3o do Portal Cariri em A\u00e7\u00e3o pelo WhatsApp (83) 9 9634.5791, (83) 9 9601-1162.<\/strong><\/p>\n","protected":false},"excerpt":{"rendered":"<p>O\u00a0desembargador Jo\u00e3o Pedro Gebran Neto, do Tribunal Regional Federal da 4\u00aa Regi\u00e3o, sediado em Porto Alegre, decidiu ontem (14) que a defesa do ex-presidente Luiz&hellip; <\/p>\n","protected":false},"author":2,"featured_media":44317,"comment_status":"closed","ping_status":"closed","sticky":false,"template":"","format":"standard","meta":{"sfsi_plus_gutenberg_text_before_share":"","sfsi_plus_gutenberg_show_text_before_share":"","sfsi_plus_gutenberg_icon_type":"","sfsi_plus_gutenberg_icon_alignemt":"","sfsi_plus_gutenburg_max_per_row":"","footnotes":""},"categories":[11],"tags":[],"class_list":["post-44314","post","type-post","status-publish","format-standard","has-post-thumbnail","hentry","category-politica"],"_links":{"self":[{"href":"https:\/\/www.caririemacao.com\/1\/wp-json\/wp\/v2\/posts\/44314","targetHints":{"allow":["GET"]}}],"collection":[{"href":"https:\/\/www.caririemacao.com\/1\/wp-json\/wp\/v2\/posts"}],"about":[{"href":"https:\/\/www.caririemacao.com\/1\/wp-json\/wp\/v2\/types\/post"}],"author":[{"embeddable":true,"href":"https:\/\/www.caririemacao.com\/1\/wp-json\/wp\/v2\/users\/2"}],"replies":[{"embeddable":true,"href":"https:\/\/www.caririemacao.com\/1\/wp-json\/wp\/v2\/comments?post=44314"}],"version-history":[{"count":0,"href":"https:\/\/www.caririemacao.com\/1\/wp-json\/wp\/v2\/posts\/44314\/revisions"}],"wp:featuredmedia":[{"embeddable":true,"href":"https:\/\/www.caririemacao.com\/1\/wp-json\/wp\/v2\/media\/44317"}],"wp:attachment":[{"href":"https:\/\/www.caririemacao.com\/1\/wp-json\/wp\/v2\/media?parent=44314"}],"wp:term":[{"taxonomy":"category","embeddable":true,"href":"https:\/\/www.caririemacao.com\/1\/wp-json\/wp\/v2\/categories?post=44314"},{"taxonomy":"post_tag","embeddable":true,"href":"https:\/\/www.caririemacao.com\/1\/wp-json\/wp\/v2\/tags?post=44314"}],"curies":[{"name":"wp","href":"https:\/\/api.w.org\/{rel}","templated":true}]}}