{"id":44316,"date":"2018-03-15T11:18:57","date_gmt":"2018-03-15T14:18:57","guid":{"rendered":"http:\/\/caririemacao.com\/1\/?p=44316"},"modified":"2018-03-15T11:18:57","modified_gmt":"2018-03-15T14:18:57","slug":"carmen-lucia-diz-que-habeas-corpus-de-lula-nao-depende-da-pauta-do-stf","status":"publish","type":"post","link":"https:\/\/www.caririemacao.com\/1\/2018\/03\/15\/carmen-lucia-diz-que-habeas-corpus-de-lula-nao-depende-da-pauta-do-stf\/","title":{"rendered":"C\u00e1rmen L\u00facia diz que habeas corpus de Lula n\u00e3o depende da pauta do STF"},"content":{"rendered":"<div id=\"tps_slideContainer_27369\" class=\"theiaPostSlider_slides\">\n<div class=\"theiaPostSlider_preloadedSlide\">\n<p>A presidente do Supremo Tribunal Federal (STF), ministra C\u00e1rmen L\u00facia, afirmou hoje (14) a deputados do PT que o julgamento do habeas corpus protocolado para evitar a eventual pris\u00e3o do ex-presidente Luiz In\u00e1cio Lula da Silva independe de pauta. Dessa forma, caberia ao ministro Edson Fachin, relator do caso, levar a quest\u00e3o para julgamento sem agendamento pr\u00e9vio, na Segunda Turma da Corte ou no plen\u00e1rio.<\/p>\n<p>Em janeiro, o ministro negou pedido da defesa para evitar a eventual pris\u00e3o de Lula e enviou a quest\u00e3o para julgamento pelo plen\u00e1rio da Corte. Em seguida, a presidente do STF passou a afirmar que a quest\u00e3o sobre pris\u00e3o ap\u00f3s segunda inst\u00e2ncia n\u00e3o ser\u00e1 julgada novamente no plen\u00e1rio da Corte, informa\u00a0reportagem da Ag\u00eancia Brasil.<\/p>\n<p>No in\u00edcio da noite, durante encontro com parlamentares do PT, a ministra tamb\u00e9m explicou aos deputados que n\u00e3o h\u00e1 previs\u00e3o para julgar as duas a\u00e7\u00f5es de constitucionalidade, relatadas pelo ministro Marco Aur\u00e9lio, que pretendem rever a autoriza\u00e7\u00e3o da Corte para pris\u00e3o ap\u00f3s a segunda inst\u00e2ncia.<\/p>\n<p>Os deputados Wadih Damous (PT-RJ), Paulo Pimenta (PT-RS) e Orlando Silva (PcdoB-SP) foram ao STF para pedir o julgamento do processo no qual a defesa de Lula pretende evitar eventual pris\u00e3o em fun\u00e7\u00e3o do \u00faltimo recurso na segunda inst\u00e2ncia da Justi\u00e7a Federal contra a condena\u00e7\u00e3o a 12 anos e um m\u00eas de pris\u00e3o na a\u00e7\u00e3o penal do tr\u00edplex do Guaruj\u00e1 (SP). O recurso deve ser julgado at\u00e9 o fim de abril pelo Tribunal Regional Federal da 4\u00aa Regi\u00e3o (TRF4), sediado em Porto Alegre.<\/p>\n<p>Mais cedo, a defesa de Lula tamb\u00e9m pediu ao ministro Edson Fachin que apresente para julgamento, na Segunda Turma da Corte, ou no plen\u00e1rio do Supremo, o habeas corpus.<\/p>\n<p>Ontem (13), em uma terceira a\u00e7\u00e3o para pressionar o ministro a levar o caso para julgamento, a Segunda Turma do STF retirou do plen\u00e1rio da Corte duas a\u00e7\u00f5es sobre pris\u00e3o ap\u00f3s o fim dos recursos na segunda inst\u00e2ncia da Justi\u00e7a.<\/p>\n<p>Com a retirada dos dois processos do plen\u00e1rio, o caso de Lula somente ser\u00e1 julgado se Fachin apresentar o processo durante a sess\u00e3o da Corte, fato que n\u00e3o \u00e9 praxe em casos de grande repercuss\u00e3o.<\/p>\n<\/div>\n<\/div>\n<div class=\"theiaPostSlider_footer _footer\"><strong>CARIRI EM A\u00c7\u00c3O<\/strong><\/div>\n<div class=\"fb-comments fb_iframe_widget fb_iframe_widget_fluid\" data-href=\"http:\/\/www.paraibaradioblog.com\/2018\/03\/15\/carmen-lucia-diz-que-habeas-corpus-de-lula-nao-depende-da-pauta-do-stf\/\" data-numposts=\"10\" data-width=\"100%\" data-colorscheme=\"light\">\n<p><em>Com Ag\u00eancia Brasil\/Foto: Reprodu\u00e7\u00e3o Internet<\/em><\/p>\n<p><strong>Leia mais not\u00edcias em\u00a0<\/strong><a href=\"http:\/\/www.caririemacao.com\/\"><strong>caririemacao.com<\/strong><\/a><strong>, siga nossa p\u00e1gina no\u00a0<\/strong><a href=\"https:\/\/www.facebook.com\/CaririEmAcao\/?ref=aymt_homepage_panel\"><strong>Facebook<\/strong><\/a>,<strong>\u00a0<\/strong><a href=\"https:\/\/www.instagram.com\/cariri_em_acao\/?hl=pt-br\"><strong>Instagram<\/strong><\/a><strong>\u00a0e <\/strong><a href=\"https:\/\/www.youtube.com\/channel\/UCAptA0jQuYQy8vMhLt2m4qg\"><strong>Youtube<\/strong><\/a><strong>\u00a0e veja nossas mat\u00e9rias, v\u00eddeos e fotos. Voc\u00ea tamb\u00e9m pode enviar informa\u00e7\u00f5es \u00e0 Reda\u00e7\u00e3o do Portal Cariri em A\u00e7\u00e3o pelo WhatsApp (83) 9 9634.5791, (83) 9 9601-1162.<\/strong><\/p>\n<\/div>\n","protected":false},"excerpt":{"rendered":"<p>A presidente do Supremo Tribunal Federal (STF), ministra C\u00e1rmen L\u00facia, afirmou hoje (14) a deputados do PT que o julgamento do habeas corpus protocolado para&hellip; <\/p>\n","protected":false},"author":2,"featured_media":36085,"comment_status":"closed","ping_status":"closed","sticky":false,"template":"","format":"standard","meta":{"sfsi_plus_gutenberg_text_before_share":"","sfsi_plus_gutenberg_show_text_before_share":"","sfsi_plus_gutenberg_icon_type":"","sfsi_plus_gutenberg_icon_alignemt":"","sfsi_plus_gutenburg_max_per_row":"","footnotes":""},"categories":[11],"tags":[],"class_list":["post-44316","post","type-post","status-publish","format-standard","has-post-thumbnail","hentry","category-politica"],"_links":{"self":[{"href":"https:\/\/www.caririemacao.com\/1\/wp-json\/wp\/v2\/posts\/44316","targetHints":{"allow":["GET"]}}],"collection":[{"href":"https:\/\/www.caririemacao.com\/1\/wp-json\/wp\/v2\/posts"}],"about":[{"href":"https:\/\/www.caririemacao.com\/1\/wp-json\/wp\/v2\/types\/post"}],"author":[{"embeddable":true,"href":"https:\/\/www.caririemacao.com\/1\/wp-json\/wp\/v2\/users\/2"}],"replies":[{"embeddable":true,"href":"https:\/\/www.caririemacao.com\/1\/wp-json\/wp\/v2\/comments?post=44316"}],"version-history":[{"count":0,"href":"https:\/\/www.caririemacao.com\/1\/wp-json\/wp\/v2\/posts\/44316\/revisions"}],"wp:featuredmedia":[{"embeddable":true,"href":"https:\/\/www.caririemacao.com\/1\/wp-json\/wp\/v2\/media\/36085"}],"wp:attachment":[{"href":"https:\/\/www.caririemacao.com\/1\/wp-json\/wp\/v2\/media?parent=44316"}],"wp:term":[{"taxonomy":"category","embeddable":true,"href":"https:\/\/www.caririemacao.com\/1\/wp-json\/wp\/v2\/categories?post=44316"},{"taxonomy":"post_tag","embeddable":true,"href":"https:\/\/www.caririemacao.com\/1\/wp-json\/wp\/v2\/tags?post=44316"}],"curies":[{"name":"wp","href":"https:\/\/api.w.org\/{rel}","templated":true}]}}