{"id":44325,"date":"2018-03-15T11:25:47","date_gmt":"2018-03-15T14:25:47","guid":{"rendered":"http:\/\/caririemacao.com\/1\/?p=44325"},"modified":"2018-03-15T11:25:47","modified_gmt":"2018-03-15T14:25:47","slug":"prefeito-adriano-woolff-apresenta-projeto-para-construcao-da-lavanderia-publica","status":"publish","type":"post","link":"https:\/\/www.caririemacao.com\/1\/2018\/03\/15\/prefeito-adriano-woolff-apresenta-projeto-para-construcao-da-lavanderia-publica\/","title":{"rendered":"Prefeito Adriano Woolff apresenta projeto para constru\u00e7\u00e3o da lavanderia p\u00fablica"},"content":{"rendered":"<p>O Prefeito de S\u00e3o Sebasti\u00e3o do Umbuzeiro, Adriano Wolff, se reuniu nesta quarta-feira, 14, com a Secret\u00e1ria de Estado das Finan\u00e7as, Amanda Rodrigues, em Jo\u00e3o Pessoa, para solicitar a viabilidade de um empr\u00e9stimo para constru\u00e7\u00e3o da lavanderia p\u00fablica do munic\u00edpio.<\/p>\n<p>O empr\u00e9stimo solicitado \u00e9 no valor de R$ 160 mil, e a constru\u00e7\u00e3o da lavanderia garantir\u00e1 o fortalecimento e melhorias de vida das lavadeiras de S\u00e3o Sebasti\u00e3o do Umbuzeiro.<\/p>\n<p>Adriano informou que o projeto foi apresentado a Secret\u00e1ria Amanda, que ir\u00e1 avaliar e dar\u00e1 uma responsa sem breve sobre a libera\u00e7\u00e3o do recurso para o munic\u00edpio.<\/p>\n<p>\u201cEsse empr\u00e9stimo ser\u00e1 descontado automaticamente no repasse do ISS do munic\u00edpio, e a secret\u00e1ria nos dar\u00e1 uma resposta em breve, se o recurso ser\u00e1 liberado\u201d, disse Adriano.<\/p>\n<p><strong>CARIRI EM A\u00c7\u00c3O<\/strong><\/p>\n<p><em>Com Blog do Didi\/Foto: Reprodu\u00e7\u00e3o Internet<\/em><\/p>\n<p><strong>Leia mais not\u00edcias em\u00a0<\/strong><a href=\"http:\/\/www.caririemacao.com\/\"><strong>caririemacao.com<\/strong><\/a><strong>, siga nossa p\u00e1gina no\u00a0<\/strong><a href=\"https:\/\/www.facebook.com\/CaririEmAcao\/?ref=aymt_homepage_panel\"><strong>Facebook<\/strong><\/a>,<strong>\u00a0<\/strong><a href=\"https:\/\/www.instagram.com\/cariri_em_acao\/?hl=pt-br\"><strong>Instagram<\/strong><\/a><strong>\u00a0e\u00a0<\/strong><a href=\"https:\/\/www.youtube.com\/channel\/UCAptA0jQuYQy8vMhLt2m4qg\"><strong>Youtube<\/strong><\/a><strong>\u00a0e veja nossas mat\u00e9rias, v\u00eddeos e fotos. Voc\u00ea tamb\u00e9m pode enviar informa\u00e7\u00f5es \u00e0 Reda\u00e7\u00e3o do Portal Cariri em A\u00e7\u00e3o pelo WhatsApp (83) 9 9634.5791, (83) 9 9601-1162.<\/strong><\/p>\n","protected":false},"excerpt":{"rendered":"<p>O Prefeito de S\u00e3o Sebasti\u00e3o do Umbuzeiro, Adriano Wolff, se reuniu nesta quarta-feira, 14, com a Secret\u00e1ria de Estado das Finan\u00e7as, Amanda Rodrigues, em Jo\u00e3o&hellip; <\/p>\n","protected":false},"author":2,"featured_media":44326,"comment_status":"closed","ping_status":"closed","sticky":false,"template":"","format":"standard","meta":{"sfsi_plus_gutenberg_text_before_share":"","sfsi_plus_gutenberg_show_text_before_share":"","sfsi_plus_gutenberg_icon_type":"","sfsi_plus_gutenberg_icon_alignemt":"","sfsi_plus_gutenburg_max_per_row":"","footnotes":""},"categories":[2],"tags":[],"class_list":["post-44325","post","type-post","status-publish","format-standard","has-post-thumbnail","hentry","category-geral"],"_links":{"self":[{"href":"https:\/\/www.caririemacao.com\/1\/wp-json\/wp\/v2\/posts\/44325","targetHints":{"allow":["GET"]}}],"collection":[{"href":"https:\/\/www.caririemacao.com\/1\/wp-json\/wp\/v2\/posts"}],"about":[{"href":"https:\/\/www.caririemacao.com\/1\/wp-json\/wp\/v2\/types\/post"}],"author":[{"embeddable":true,"href":"https:\/\/www.caririemacao.com\/1\/wp-json\/wp\/v2\/users\/2"}],"replies":[{"embeddable":true,"href":"https:\/\/www.caririemacao.com\/1\/wp-json\/wp\/v2\/comments?post=44325"}],"version-history":[{"count":0,"href":"https:\/\/www.caririemacao.com\/1\/wp-json\/wp\/v2\/posts\/44325\/revisions"}],"wp:featuredmedia":[{"embeddable":true,"href":"https:\/\/www.caririemacao.com\/1\/wp-json\/wp\/v2\/media\/44326"}],"wp:attachment":[{"href":"https:\/\/www.caririemacao.com\/1\/wp-json\/wp\/v2\/media?parent=44325"}],"wp:term":[{"taxonomy":"category","embeddable":true,"href":"https:\/\/www.caririemacao.com\/1\/wp-json\/wp\/v2\/categories?post=44325"},{"taxonomy":"post_tag","embeddable":true,"href":"https:\/\/www.caririemacao.com\/1\/wp-json\/wp\/v2\/tags?post=44325"}],"curies":[{"name":"wp","href":"https:\/\/api.w.org\/{rel}","templated":true}]}}