{"id":44332,"date":"2018-03-15T11:34:07","date_gmt":"2018-03-15T14:34:07","guid":{"rendered":"http:\/\/caririemacao.com\/1\/?p=44332"},"modified":"2018-03-15T11:34:07","modified_gmt":"2018-03-15T14:34:07","slug":"terco-dos-homens-de-de-sao-sebastiao-do-umbuzeiro-prestigia-aniversario-do-terco-de-camalau","status":"publish","type":"post","link":"https:\/\/www.caririemacao.com\/1\/2018\/03\/15\/terco-dos-homens-de-de-sao-sebastiao-do-umbuzeiro-prestigia-aniversario-do-terco-de-camalau\/","title":{"rendered":"Ter\u00e7o dos Homens de de S\u00e3o Sebasti\u00e3o do Umbuzeiro prestigia Anivers\u00e1rio do Ter\u00e7o de Camala\u00fa"},"content":{"rendered":"<p>Na noite da \u00faltima quarta-feira (14), o Ter\u00e7o dos Homens de S\u00e3o Sebasti\u00e3o do Umbuzeiro, participou de uma Missa em A\u00e7\u00e3o de Gra\u00e7as Anivers\u00e1rio dos 13 anos do Ter\u00e7o dos Homens de Camala\u00fa que foi Celebrada pelo Padre Adauto P\u00e1roco da Par\u00f3quia de S\u00e3o Sebasti\u00e3o, e concelebrada pelo Padre Ednaldo.<\/p>\n<p>Houve a participa\u00e7\u00e3o de muitos fi\u00e9is da Par\u00f3quia de S\u00e3o Jos\u00e9 e das cidades de S\u00e3o Sebasti\u00e3o do Umbuzeiro, Sum\u00e9, S\u00e3o Jo\u00e3o do Tigre, Monteiro e outras comunidades, que foram agradecer a Deus pelos 13 anos do Ter\u00e7o dos Homens Filhos de Maria, que vem evangelizando e rezando o Ter\u00e7o.<\/p>\n<p>Para comemorar o Anivers\u00e1rio no final da missa todos se confraternizaram com um saboroso jantar que foi organizado pelos Homens no Sal\u00e3o Paroquial.<\/p>\n<p><a href=\"http:\/\/caririemacao.com\/1\/?attachment_id=44342\" rel=\"attachment wp-att-44342\"><img fetchpriority=\"high\" decoding=\"async\" class=\"aligncenter size-full wp-image-44342\" src=\"http:\/\/caririemacao.com\/1\/wp-content\/uploads\/2018\/03\/DSC09823.jpg\" alt=\"\" width=\"640\" height=\"426\" srcset=\"https:\/\/www.caririemacao.com\/1\/wp-content\/uploads\/2018\/03\/DSC09823.jpg 640w, https:\/\/www.caririemacao.com\/1\/wp-content\/uploads\/2018\/03\/DSC09823-300x200.jpg 300w\" sizes=\"(max-width: 640px) 100vw, 640px\" \/><\/a><a href=\"http:\/\/caririemacao.com\/1\/?attachment_id=44340\" rel=\"attachment wp-att-44340\"><img decoding=\"async\" class=\"aligncenter size-full wp-image-44340 lazyload\" data-src=\"http:\/\/caririemacao.com\/1\/wp-content\/uploads\/2018\/03\/DSC09812.jpg\" alt=\"\" width=\"640\" height=\"426\" data-srcset=\"https:\/\/www.caririemacao.com\/1\/wp-content\/uploads\/2018\/03\/DSC09812.jpg 640w, https:\/\/www.caririemacao.com\/1\/wp-content\/uploads\/2018\/03\/DSC09812-300x200.jpg 300w\" data-sizes=\"(max-width: 640px) 100vw, 640px\" src=\"data:image\/svg+xml;base64,PHN2ZyB3aWR0aD0iMSIgaGVpZ2h0PSIxIiB4bWxucz0iaHR0cDovL3d3dy53My5vcmcvMjAwMC9zdmciPjwvc3ZnPg==\" style=\"--smush-placeholder-width: 640px; --smush-placeholder-aspect-ratio: 640\/426;\" \/><\/a><a href=\"http:\/\/caririemacao.com\/1\/?attachment_id=44346\" rel=\"attachment wp-att-44346\"><img decoding=\"async\" class=\"aligncenter size-full wp-image-44346 lazyload\" data-src=\"http:\/\/caririemacao.com\/1\/wp-content\/uploads\/2018\/03\/DSC09778-1.jpg\" alt=\"\" width=\"640\" height=\"426\" data-srcset=\"https:\/\/www.caririemacao.com\/1\/wp-content\/uploads\/2018\/03\/DSC09778-1.jpg 640w, https:\/\/www.caririemacao.com\/1\/wp-content\/uploads\/2018\/03\/DSC09778-1-300x200.jpg 300w\" data-sizes=\"(max-width: 640px) 100vw, 640px\" src=\"data:image\/svg+xml;base64,PHN2ZyB3aWR0aD0iMSIgaGVpZ2h0PSIxIiB4bWxucz0iaHR0cDovL3d3dy53My5vcmcvMjAwMC9zdmciPjwvc3ZnPg==\" style=\"--smush-placeholder-width: 640px; --smush-placeholder-aspect-ratio: 640\/426;\" \/><\/a><\/p>\n<p><strong>CARIRI EM A\u00c7\u00c3O<\/strong><\/p>\n<p><em>Com Blog do Didi\/Foto: Pascom<\/em><\/p>\n<p><strong>Leia mais not\u00edcias em\u00a0<\/strong><a href=\"http:\/\/www.caririemacao.com\/\"><strong>caririemacao.com<\/strong><\/a><strong>, siga nossa p\u00e1gina no\u00a0<\/strong><a href=\"https:\/\/www.facebook.com\/CaririEmAcao\/?ref=aymt_homepage_panel\"><strong>Facebook<\/strong><\/a>,<strong>\u00a0<\/strong><a href=\"https:\/\/www.instagram.com\/cariri_em_acao\/?hl=pt-br\"><strong>Instagram<\/strong><\/a><strong>\u00a0e\u00a0<\/strong><a href=\"https:\/\/www.youtube.com\/channel\/UCAptA0jQuYQy8vMhLt2m4qg\"><strong>Youtube<\/strong><\/a><strong>\u00a0e veja nossas mat\u00e9rias, v\u00eddeos e fotos. Voc\u00ea tamb\u00e9m pode enviar informa\u00e7\u00f5es \u00e0 Reda\u00e7\u00e3o do Portal Cariri em A\u00e7\u00e3o pelo WhatsApp (83) 9 9634.5791, (83) 9 9601-1162.<\/strong><\/p>\n","protected":false},"excerpt":{"rendered":"<p>Na noite da \u00faltima quarta-feira (14), o Ter\u00e7o dos Homens de S\u00e3o Sebasti\u00e3o do Umbuzeiro, participou de uma Missa em A\u00e7\u00e3o de Gra\u00e7as Anivers\u00e1rio dos&hellip; <\/p>\n","protected":false},"author":2,"featured_media":44338,"comment_status":"closed","ping_status":"closed","sticky":false,"template":"","format":"standard","meta":{"sfsi_plus_gutenberg_text_before_share":"","sfsi_plus_gutenberg_show_text_before_share":"","sfsi_plus_gutenberg_icon_type":"","sfsi_plus_gutenberg_icon_alignemt":"","sfsi_plus_gutenburg_max_per_row":"","footnotes":""},"categories":[2],"tags":[],"class_list":["post-44332","post","type-post","status-publish","format-standard","has-post-thumbnail","hentry","category-geral"],"_links":{"self":[{"href":"https:\/\/www.caririemacao.com\/1\/wp-json\/wp\/v2\/posts\/44332","targetHints":{"allow":["GET"]}}],"collection":[{"href":"https:\/\/www.caririemacao.com\/1\/wp-json\/wp\/v2\/posts"}],"about":[{"href":"https:\/\/www.caririemacao.com\/1\/wp-json\/wp\/v2\/types\/post"}],"author":[{"embeddable":true,"href":"https:\/\/www.caririemacao.com\/1\/wp-json\/wp\/v2\/users\/2"}],"replies":[{"embeddable":true,"href":"https:\/\/www.caririemacao.com\/1\/wp-json\/wp\/v2\/comments?post=44332"}],"version-history":[{"count":0,"href":"https:\/\/www.caririemacao.com\/1\/wp-json\/wp\/v2\/posts\/44332\/revisions"}],"wp:featuredmedia":[{"embeddable":true,"href":"https:\/\/www.caririemacao.com\/1\/wp-json\/wp\/v2\/media\/44338"}],"wp:attachment":[{"href":"https:\/\/www.caririemacao.com\/1\/wp-json\/wp\/v2\/media?parent=44332"}],"wp:term":[{"taxonomy":"category","embeddable":true,"href":"https:\/\/www.caririemacao.com\/1\/wp-json\/wp\/v2\/categories?post=44332"},{"taxonomy":"post_tag","embeddable":true,"href":"https:\/\/www.caririemacao.com\/1\/wp-json\/wp\/v2\/tags?post=44332"}],"curies":[{"name":"wp","href":"https:\/\/api.w.org\/{rel}","templated":true}]}}