{"id":44336,"date":"2018-03-15T11:35:19","date_gmt":"2018-03-15T14:35:19","guid":{"rendered":"http:\/\/caririemacao.com\/1\/?p=44336"},"modified":"2018-03-15T11:35:19","modified_gmt":"2018-03-15T14:35:19","slug":"fpf-emite-nota-e-confirma-vantagens-de-campinense-e-treze-na-semifinal","status":"publish","type":"post","link":"https:\/\/www.caririemacao.com\/1\/2018\/03\/15\/fpf-emite-nota-e-confirma-vantagens-de-campinense-e-treze-na-semifinal\/","title":{"rendered":"FPF emite nota e confirma vantagens de Campinense e Treze na semifinal"},"content":{"rendered":"<p>A Federa\u00e7\u00e3o Paraibana de Futebol (FPF) finalmente se posicionou sobre os questionamentos acerca das vantagens para a disputa dos jogos da semifinal da competi\u00e7\u00e3o estadual. De acordo com o que foi publicado na nota da FPF, divulgada no come\u00e7o da noite desta quarta-feira, as equipes que acabaram a primeira fase como \u201ccampe\u00e3s\u201d dos grupos A e B, no caso Campinense e Treze, \u00e9 que v\u00e3o decidir a semifinal em casa e ainda com a possibilidade de jogar por dois resultados iguais.<\/p>\n<p>\u201cNa terceira fase no ato da elabora\u00e7\u00e3o do agrupamento t\u00e9cnico, como disp\u00f5e o artigo 9\u00ba do Regulamento, verifica-se uma interpreta\u00e7\u00e3o disforme entre o conte\u00fado explicativo e a ordem dos jogos entre as respectivas fases, assim nos confrontos das semifinais prevalecer\u00e1 os crit\u00e9rios t\u00e9cnicos para a defini\u00e7\u00e3o do mando de campo considerando a primeira fase. Assim, as agremia\u00e7\u00f5es que sagraram-se vencedoras e classificadas como l\u00edderes do Grupo A e B da primeira fase do Campeonato Paraibano de Futebol, ter\u00e3o direito ao mando de campo na segunda partida e de jogar pelo empate em pontos ganhos e saldos de gols, na forma especificada no art. 9\u00ba, na parte que trata da 3\u00aa fase (semifinal)\u201d, diz parte da nota da FPF.<\/p>\n<p><a href=\"http:\/\/caririemacao.com\/1\/?attachment_id=44344\" rel=\"attachment wp-att-44344\"><img fetchpriority=\"high\" decoding=\"async\" class=\"aligncenter size-full wp-image-44344\" src=\"http:\/\/caririemacao.com\/1\/wp-content\/uploads\/2018\/03\/nota_fpf.jpg\" alt=\"\" width=\"750\" height=\"1067\" srcset=\"https:\/\/www.caririemacao.com\/1\/wp-content\/uploads\/2018\/03\/nota_fpf.jpg 750w, https:\/\/www.caririemacao.com\/1\/wp-content\/uploads\/2018\/03\/nota_fpf-211x300.jpg 211w, https:\/\/www.caririemacao.com\/1\/wp-content\/uploads\/2018\/03\/nota_fpf-720x1024.jpg 720w\" sizes=\"(max-width: 750px) 100vw, 750px\" \/><\/a><\/p>\n<p>Apesar dessa publica\u00e7\u00e3o, a FPF ainda n\u00e3o se posicionou sobre um outro ponto que vem sendo questionado do regulamento, que fala sobre quais equipes passam da fase de repescagem para a semifinal. Um dos entendimentos que vem sendo propagado \u00e9 que Botafogo-PB e Sousa, que somaram mais pontos que CSP e Serrano-PB na primeira fase, j\u00e1 estariam classificados direto para a sequ\u00eancia da competi\u00e7\u00e3o.<\/p>\n<p>Pol\u00eamicas \u00e0 parte, Tigre e Lobo da Serra entram em campo daqui a pouco, a partir das 20h30, para decidir o primeiro confronto da fase de repescagem. Com a vit\u00f3ria por 1 a 0, o Lobo da Serra est\u00e1 apenas a um empate de, teoricamente, se garantir em uma das semifinais do Campeonato Paraibano, enfrentando o Campinense.<\/p>\n<p><strong>CARIRI EM A\u00c7\u00c3O<\/strong><\/p>\n<p><em>Com Globo Esporte PB\/Foto: Reprodu\u00e7\u00e3o<\/em><\/p>\n<p><strong>Leia mais not\u00edcias em\u00a0<\/strong><a href=\"http:\/\/www.caririemacao.com\/\"><strong>caririemacao.com<\/strong><\/a><strong>, siga nossa p\u00e1gina no\u00a0<\/strong><a href=\"https:\/\/www.facebook.com\/CaririEmAcao\/?ref=aymt_homepage_panel\"><strong>Facebook<\/strong><\/a>,<strong>\u00a0<\/strong><a href=\"https:\/\/www.instagram.com\/cariri_em_acao\/?hl=pt-br\"><strong>Instagram<\/strong><\/a><strong>\u00a0e <\/strong><a href=\"https:\/\/www.youtube.com\/channel\/UCAptA0jQuYQy8vMhLt2m4qg\"><strong>Youtube<\/strong><\/a><strong>\u00a0e veja nossas mat\u00e9rias, v\u00eddeos e fotos. Voc\u00ea tamb\u00e9m pode enviar informa\u00e7\u00f5es \u00e0 Reda\u00e7\u00e3o do Portal Cariri em A\u00e7\u00e3o pelo WhatsApp (83) 9 9634.5791, (83) 9 9601-1162.<\/strong><\/p>\n","protected":false},"excerpt":{"rendered":"<p>A Federa\u00e7\u00e3o Paraibana de Futebol (FPF) finalmente se posicionou sobre os questionamentos acerca das vantagens para a disputa dos jogos da semifinal da competi\u00e7\u00e3o estadual.&hellip; <\/p>\n","protected":false},"author":2,"featured_media":44343,"comment_status":"closed","ping_status":"closed","sticky":false,"template":"","format":"standard","meta":{"sfsi_plus_gutenberg_text_before_share":"","sfsi_plus_gutenberg_show_text_before_share":"","sfsi_plus_gutenberg_icon_type":"","sfsi_plus_gutenberg_icon_alignemt":"","sfsi_plus_gutenburg_max_per_row":"","footnotes":""},"categories":[13],"tags":[],"class_list":["post-44336","post","type-post","status-publish","format-standard","has-post-thumbnail","hentry","category-esportes"],"_links":{"self":[{"href":"https:\/\/www.caririemacao.com\/1\/wp-json\/wp\/v2\/posts\/44336","targetHints":{"allow":["GET"]}}],"collection":[{"href":"https:\/\/www.caririemacao.com\/1\/wp-json\/wp\/v2\/posts"}],"about":[{"href":"https:\/\/www.caririemacao.com\/1\/wp-json\/wp\/v2\/types\/post"}],"author":[{"embeddable":true,"href":"https:\/\/www.caririemacao.com\/1\/wp-json\/wp\/v2\/users\/2"}],"replies":[{"embeddable":true,"href":"https:\/\/www.caririemacao.com\/1\/wp-json\/wp\/v2\/comments?post=44336"}],"version-history":[{"count":0,"href":"https:\/\/www.caririemacao.com\/1\/wp-json\/wp\/v2\/posts\/44336\/revisions"}],"wp:featuredmedia":[{"embeddable":true,"href":"https:\/\/www.caririemacao.com\/1\/wp-json\/wp\/v2\/media\/44343"}],"wp:attachment":[{"href":"https:\/\/www.caririemacao.com\/1\/wp-json\/wp\/v2\/media?parent=44336"}],"wp:term":[{"taxonomy":"category","embeddable":true,"href":"https:\/\/www.caririemacao.com\/1\/wp-json\/wp\/v2\/categories?post=44336"},{"taxonomy":"post_tag","embeddable":true,"href":"https:\/\/www.caririemacao.com\/1\/wp-json\/wp\/v2\/tags?post=44336"}],"curies":[{"name":"wp","href":"https:\/\/api.w.org\/{rel}","templated":true}]}}