{"id":44352,"date":"2018-03-14T11:53:01","date_gmt":"2018-03-14T14:53:01","guid":{"rendered":"http:\/\/caririemacao.com\/1\/?p=44352"},"modified":"2018-03-15T20:05:42","modified_gmt":"2018-03-15T23:05:42","slug":"o-jornal-valor-economico-esteve-em-camalau","status":"publish","type":"post","link":"https:\/\/www.caririemacao.com\/1\/2018\/03\/14\/o-jornal-valor-economico-esteve-em-camalau\/","title":{"rendered":"O Jornal Valor Econ\u00f4mico esteve em Camala\u00fa"},"content":{"rendered":"<p>O Jornal Valor Econ\u00f4mico esteve em Camala\u00fa, em todo o trajeto da transposi\u00e7\u00e3o dentro do estado da Para\u00edba.<\/p>\n<p>O jornal trata de economia, finan\u00e7as e neg\u00f3cios, e veio com ver neste sentido quais as mudan\u00e7as ocorridas na regi\u00e3o depois de um ano de transposi\u00e7\u00e3o.<\/p>\n<p>Em Camala\u00fa o jornal entrevistou o professor e vice prefeito Kiel, assim como o agricultor Beto Cal\u00fa.<\/p>\n<p><strong>CARIRI EM A\u00c7\u00c3O<\/strong><\/p>\n<p><em>Com Camala\u00fa Not\u00edcias\/Foto:\u00a0Camala\u00fa Not\u00edcias<\/em><\/p>\n<p><strong>Leia mais not\u00edcias em\u00a0<\/strong><a href=\"http:\/\/www.caririemacao.com\/\"><strong>caririemacao.com<\/strong><\/a><strong>, siga nossa p\u00e1gina no\u00a0<\/strong><a href=\"https:\/\/www.facebook.com\/CaririEmAcao\/?ref=aymt_homepage_panel\"><strong>Facebook<\/strong><\/a>,<strong>\u00a0<\/strong><a href=\"https:\/\/www.instagram.com\/cariri_em_acao\/?hl=pt-br\"><strong>Instagram<\/strong><\/a><strong>\u00a0e\u00a0<\/strong><a href=\"https:\/\/www.youtube.com\/channel\/UCAptA0jQuYQy8vMhLt2m4qg\"><strong>Youtube<\/strong><\/a><strong>\u00a0e veja nossas mat\u00e9rias, v\u00eddeos e fotos. Voc\u00ea tamb\u00e9m pode enviar informa\u00e7\u00f5es \u00e0 Reda\u00e7\u00e3o do Portal Cariri em A\u00e7\u00e3o pelo WhatsApp (83) 9 9634.5791, (83) 9 9601-1162.<\/strong><\/p>\n","protected":false},"excerpt":{"rendered":"<p>O Jornal Valor Econ\u00f4mico esteve em Camala\u00fa, em todo o trajeto da transposi\u00e7\u00e3o dentro do estado da Para\u00edba. O jornal trata de economia, finan\u00e7as e&hellip; <\/p>\n","protected":false},"author":2,"featured_media":44360,"comment_status":"closed","ping_status":"closed","sticky":false,"template":"","format":"standard","meta":{"sfsi_plus_gutenberg_text_before_share":"","sfsi_plus_gutenberg_show_text_before_share":"","sfsi_plus_gutenberg_icon_type":"","sfsi_plus_gutenberg_icon_alignemt":"","sfsi_plus_gutenburg_max_per_row":"","footnotes":""},"categories":[2],"tags":[],"class_list":["post-44352","post","type-post","status-publish","format-standard","has-post-thumbnail","hentry","category-geral"],"_links":{"self":[{"href":"https:\/\/www.caririemacao.com\/1\/wp-json\/wp\/v2\/posts\/44352","targetHints":{"allow":["GET"]}}],"collection":[{"href":"https:\/\/www.caririemacao.com\/1\/wp-json\/wp\/v2\/posts"}],"about":[{"href":"https:\/\/www.caririemacao.com\/1\/wp-json\/wp\/v2\/types\/post"}],"author":[{"embeddable":true,"href":"https:\/\/www.caririemacao.com\/1\/wp-json\/wp\/v2\/users\/2"}],"replies":[{"embeddable":true,"href":"https:\/\/www.caririemacao.com\/1\/wp-json\/wp\/v2\/comments?post=44352"}],"version-history":[{"count":0,"href":"https:\/\/www.caririemacao.com\/1\/wp-json\/wp\/v2\/posts\/44352\/revisions"}],"wp:featuredmedia":[{"embeddable":true,"href":"https:\/\/www.caririemacao.com\/1\/wp-json\/wp\/v2\/media\/44360"}],"wp:attachment":[{"href":"https:\/\/www.caririemacao.com\/1\/wp-json\/wp\/v2\/media?parent=44352"}],"wp:term":[{"taxonomy":"category","embeddable":true,"href":"https:\/\/www.caririemacao.com\/1\/wp-json\/wp\/v2\/categories?post=44352"},{"taxonomy":"post_tag","embeddable":true,"href":"https:\/\/www.caririemacao.com\/1\/wp-json\/wp\/v2\/tags?post=44352"}],"curies":[{"name":"wp","href":"https:\/\/api.w.org\/{rel}","templated":true}]}}