{"id":44363,"date":"2018-03-15T12:04:21","date_gmt":"2018-03-15T15:04:21","guid":{"rendered":"http:\/\/caririemacao.com\/1\/?p=44363"},"modified":"2018-03-15T12:04:21","modified_gmt":"2018-03-15T15:04:21","slug":"mais-um-crime-de-assassinato-e-registrado-na-regiao-polarizada-de-taperoa-pb","status":"publish","type":"post","link":"https:\/\/www.caririemacao.com\/1\/2018\/03\/15\/mais-um-crime-de-assassinato-e-registrado-na-regiao-polarizada-de-taperoa-pb\/","title":{"rendered":"Mais um Crime de assassinato \u00e9 Registrado na Regi\u00e3o Polarizada de Tapero\u00e1 PB"},"content":{"rendered":"<p>Jovem \u00e9 assassinado a tiros na Madrugada desta Quinta &#8211; Feira (15), no S\u00edtio S\u00e3o Gon\u00e7alo na Zona Rural da Cidade de Cacimbas &#8211; PB<\/p>\n<div class=\"text_exposed_show\">\n<p>V\u00edtima conhecido por Buduca, o mesmo era envolvido com o tr\u00e1fico de drogas.<\/p>\n<p><a href=\"http:\/\/caririemacao.com\/1\/?attachment_id=44365\" rel=\"attachment wp-att-44365\"><img fetchpriority=\"high\" decoding=\"async\" class=\"aligncenter size-full wp-image-44365\" src=\"http:\/\/caririemacao.com\/1\/wp-content\/uploads\/2018\/03\/29214988_477878375947830_6329880290061775678_n.jpg\" alt=\"\" width=\"550\" height=\"960\" srcset=\"https:\/\/www.caririemacao.com\/1\/wp-content\/uploads\/2018\/03\/29214988_477878375947830_6329880290061775678_n.jpg 550w, https:\/\/www.caririemacao.com\/1\/wp-content\/uploads\/2018\/03\/29214988_477878375947830_6329880290061775678_n-172x300.jpg 172w\" sizes=\"(max-width: 550px) 100vw, 550px\" \/><\/a><\/p>\n<p><strong>CARIRI EM A\u00c7\u00c3O<\/strong><\/p>\n<p><em>Com SD Lamark\/Foto:\u00a0SD Lamark<\/em><\/p>\n<p><strong>Leia mais not\u00edcias em\u00a0<\/strong><a href=\"http:\/\/www.caririemacao.com\/\"><strong>caririemacao.com<\/strong><\/a><strong>, siga nossa p\u00e1gina no\u00a0<\/strong><a href=\"https:\/\/www.facebook.com\/CaririEmAcao\/?ref=aymt_homepage_panel\"><strong>Facebook<\/strong><\/a>,<strong>\u00a0<\/strong><a href=\"https:\/\/www.instagram.com\/cariri_em_acao\/?hl=pt-br\"><strong>Instagram<\/strong><\/a><strong>\u00a0e\u00a0<\/strong><a href=\"https:\/\/www.youtube.com\/channel\/UCAptA0jQuYQy8vMhLt2m4qg\"><strong>Youtube<\/strong><\/a><strong>\u00a0e veja nossas mat\u00e9rias, v\u00eddeos e fotos. Voc\u00ea tamb\u00e9m pode enviar informa\u00e7\u00f5es \u00e0 Reda\u00e7\u00e3o do Portal Cariri em A\u00e7\u00e3o pelo WhatsApp (83) 9 9634.5791, (83) 9 9601-1162.<\/strong><\/p>\n<\/div>\n","protected":false},"excerpt":{"rendered":"<p>Jovem \u00e9 assassinado a tiros na Madrugada desta Quinta &#8211; Feira (15), no S\u00edtio S\u00e3o Gon\u00e7alo na Zona Rural da Cidade de Cacimbas &#8211; PB&hellip; <\/p>\n","protected":false},"author":2,"featured_media":44364,"comment_status":"closed","ping_status":"closed","sticky":false,"template":"","format":"standard","meta":{"sfsi_plus_gutenberg_text_before_share":"","sfsi_plus_gutenberg_show_text_before_share":"","sfsi_plus_gutenberg_icon_type":"","sfsi_plus_gutenberg_icon_alignemt":"","sfsi_plus_gutenburg_max_per_row":"","footnotes":""},"categories":[12],"tags":[],"class_list":["post-44363","post","type-post","status-publish","format-standard","has-post-thumbnail","hentry","category-policia"],"_links":{"self":[{"href":"https:\/\/www.caririemacao.com\/1\/wp-json\/wp\/v2\/posts\/44363","targetHints":{"allow":["GET"]}}],"collection":[{"href":"https:\/\/www.caririemacao.com\/1\/wp-json\/wp\/v2\/posts"}],"about":[{"href":"https:\/\/www.caririemacao.com\/1\/wp-json\/wp\/v2\/types\/post"}],"author":[{"embeddable":true,"href":"https:\/\/www.caririemacao.com\/1\/wp-json\/wp\/v2\/users\/2"}],"replies":[{"embeddable":true,"href":"https:\/\/www.caririemacao.com\/1\/wp-json\/wp\/v2\/comments?post=44363"}],"version-history":[{"count":0,"href":"https:\/\/www.caririemacao.com\/1\/wp-json\/wp\/v2\/posts\/44363\/revisions"}],"wp:featuredmedia":[{"embeddable":true,"href":"https:\/\/www.caririemacao.com\/1\/wp-json\/wp\/v2\/media\/44364"}],"wp:attachment":[{"href":"https:\/\/www.caririemacao.com\/1\/wp-json\/wp\/v2\/media?parent=44363"}],"wp:term":[{"taxonomy":"category","embeddable":true,"href":"https:\/\/www.caririemacao.com\/1\/wp-json\/wp\/v2\/categories?post=44363"},{"taxonomy":"post_tag","embeddable":true,"href":"https:\/\/www.caririemacao.com\/1\/wp-json\/wp\/v2\/tags?post=44363"}],"curies":[{"name":"wp","href":"https:\/\/api.w.org\/{rel}","templated":true}]}}