{"id":44377,"date":"2018-03-15T17:36:10","date_gmt":"2018-03-15T20:36:10","guid":{"rendered":"http:\/\/caririemacao.com\/1\/?p=44377"},"modified":"2018-03-15T17:36:10","modified_gmt":"2018-03-15T20:36:10","slug":"luciano-cartaxo-deixa-psd-aceita-convite-e-assume-comando-do-pv-na-paraiba","status":"publish","type":"post","link":"https:\/\/www.caririemacao.com\/1\/2018\/03\/15\/luciano-cartaxo-deixa-psd-aceita-convite-e-assume-comando-do-pv-na-paraiba\/","title":{"rendered":"Luciano Cartaxo deixa PSD, aceita convite e assume comando do PV na Para\u00edba"},"content":{"rendered":"<p>O prefeito de Jo\u00e3o Pessoa, Luciano Cartaxo, anunciou, nesta quinta (15), o seu ingresso no Partido Verde (PV), sigla que j\u00e1 passa a presidir na Para\u00edba a partir de hoje. O convite para a filia\u00e7\u00e3o foi firmado pela presid\u00eancia nacional do partido, que reconhece no gestor, um dos mais bem avaliados do pa\u00eds, marcas importantes como o desenvolvimento sustent\u00e1vel e o planejamento a longo prazo. \u201cEste \u00e9 mais um passo decisivo para aprofundar o conjunto de transforma\u00e7\u00f5es que iniciamos em Jo\u00e3o Pessoa, somando esfor\u00e7os para a amplia\u00e7\u00e3o deste novo modelo de gest\u00e3o por resultados que vem mudando a cidade\u201d, disse Cartaxo.<\/p>\n<p>De acordo com o prefeito, que havia recebido o convite de outros partidos, houve uma forte sintonia com o PV em torno das a\u00e7\u00f5es em curso na capital paraibana, a exemplo do programa \u2018Jo\u00e3o Pessoa, Cidade Sustent\u00e1vel\u2019, que prev\u00ea um plano de a\u00e7\u00e3o na cidade para os pr\u00f3ximos 30 anos. \u201cSeguirei com os mesmos compromissos, pautado pela boa pol\u00edtica. \u00c9 di\u00e1logo, planejamento, trabalho e muito cora\u00e7\u00e3o envolvido para alcan\u00e7ar resultados que se traduzam em uma vida cada vez melhor para a popula\u00e7\u00e3o\u201d, disse.<\/p>\n<p>Cartaxo foi recebido pelo presidente nacional do PV, Jos\u00e9 Luiz Penna, que refor\u00e7ou o compromisso do gestor no comando da sigla. \u201c\u00c9 uma grande honra receber um representante como Luciano Cartaxo, que faz uma administra\u00e7\u00e3o moderna, comprometida com as pessoas e com o desenvolvimento sustent\u00e1vel em uma das cidades mais verdes do pa\u00eds e da Am\u00e9rica Latina\u201d, mencionou Penna.<\/p>\n<p>Outras lideran\u00e7as do partido no estado tamb\u00e9m aprovaram a chegada de Luciano, que ser\u00e1 decisiva para o crescimento do PV nas elei\u00e7\u00f5es deste ano. \u201cFoi um sonho realizado. Estamos muito felizes com o fato de Luciano Cartaxo ter aceitado esse convite que fiz pessoalmente. A inten\u00e7\u00e3o, agora, \u00e9 fazer chapas competitivas, sob a lideran\u00e7a do prefeito, para as elei\u00e7\u00f5es 2018\u201d, disse o Sargento D\u00eanis, um dos principais articuladores para o ingresso do gestor. J\u00e1 Maristela Viana, destacou que a sigla \u201cs\u00f3 tem a ganhar, tanto nas elei\u00e7\u00f5es, como na execu\u00e7\u00e3o de pol\u00edticas ambientais\u201d.<\/p>\n<p>Candidato ao senado em 2014, com mais de 520 mil votos, Luc\u00e9lio Cartaxo foi outro quadro a ingressar no partido. \u201cO Partido Verde tem mais de 30 anos de hist\u00f3ria, com uma bandeira imprescind\u00edvel para um pa\u00eds como o Brasil. Estou certo de que ganham Jo\u00e3o Pessoa e tamb\u00e9m a Para\u00edba\u201d, mencionou. O PV integra um movimento pol\u00edtico internacional, sendo fundado no pa\u00eds em 1986, em defesa das liberdades democr\u00e1ticas e da justi\u00e7a social.<\/p>\n<p>Filia\u00e7\u00e3o \u2013 Em Bras\u00edlia, onde esteve cumprindo agenda administrativa e prospectando a atra\u00e7\u00e3o de novos empreendimentos, o prefeito de Jo\u00e3o Pessoa, Luciano Cartaxo, conversou pessoalmente com o Ministro das Comunica\u00e7\u00f5es, Gilberto Kassab, sobre a sua inten\u00e7\u00e3o em se desfiliar do Partido Social Democr\u00e1tico (PSD). \u201cAgrade\u00e7o ao deputado R\u00f4mulo Gouveia e ao Ministro Gilberto Kassab por todo apoio nesses \u00faltimos anos. No que depender de n\u00f3s, o PSD segue como grande parceiro, fazendo parte da nossa gest\u00e3o\u201d, ressaltou Luciano Cartaxo.<\/p>\n<p><strong>CARIRI EM A\u00c7\u00c3O<\/strong><\/p>\n<p><em>Com Para\u00edba J\u00e1\/Foto: Reprodu\u00e7\u00e3o Internet\u00a0<\/em><\/p>\n<p><strong>Leia mais not\u00edcias em\u00a0<\/strong><a href=\"http:\/\/www.caririemacao.com\/\"><strong>caririemacao.com<\/strong><\/a><strong>, siga nossa p\u00e1gina no\u00a0<\/strong><a href=\"https:\/\/www.facebook.com\/CaririEmAcao\/?ref=aymt_homepage_panel\"><strong>Facebook<\/strong><\/a>,<strong>\u00a0<\/strong><a href=\"https:\/\/www.instagram.com\/cariri_em_acao\/?hl=pt-br\"><strong>Instagram<\/strong><\/a><strong>\u00a0e\u00a0<\/strong><a href=\"https:\/\/www.youtube.com\/channel\/UCAptA0jQuYQy8vMhLt2m4qg\"><strong>Youtube<\/strong><\/a><strong>\u00a0e veja nossas mat\u00e9rias, v\u00eddeos e fotos. Voc\u00ea tamb\u00e9m pode enviar informa\u00e7\u00f5es \u00e0 Reda\u00e7\u00e3o do Portal Cariri em A\u00e7\u00e3o pelo WhatsApp (83) 9 9634.5791, (83) 9 9601-1162.<\/strong><\/p>\n","protected":false},"excerpt":{"rendered":"<p>O prefeito de Jo\u00e3o Pessoa, Luciano Cartaxo, anunciou, nesta quinta (15), o seu ingresso no Partido Verde (PV), sigla que j\u00e1 passa a presidir na&hellip; <\/p>\n","protected":false},"author":2,"featured_media":44378,"comment_status":"closed","ping_status":"closed","sticky":false,"template":"","format":"standard","meta":{"sfsi_plus_gutenberg_text_before_share":"","sfsi_plus_gutenberg_show_text_before_share":"","sfsi_plus_gutenberg_icon_type":"","sfsi_plus_gutenberg_icon_alignemt":"","sfsi_plus_gutenburg_max_per_row":"","footnotes":""},"categories":[1],"tags":[],"class_list":["post-44377","post","type-post","status-publish","format-standard","has-post-thumbnail","hentry","category-o-site"],"_links":{"self":[{"href":"https:\/\/www.caririemacao.com\/1\/wp-json\/wp\/v2\/posts\/44377","targetHints":{"allow":["GET"]}}],"collection":[{"href":"https:\/\/www.caririemacao.com\/1\/wp-json\/wp\/v2\/posts"}],"about":[{"href":"https:\/\/www.caririemacao.com\/1\/wp-json\/wp\/v2\/types\/post"}],"author":[{"embeddable":true,"href":"https:\/\/www.caririemacao.com\/1\/wp-json\/wp\/v2\/users\/2"}],"replies":[{"embeddable":true,"href":"https:\/\/www.caririemacao.com\/1\/wp-json\/wp\/v2\/comments?post=44377"}],"version-history":[{"count":0,"href":"https:\/\/www.caririemacao.com\/1\/wp-json\/wp\/v2\/posts\/44377\/revisions"}],"wp:featuredmedia":[{"embeddable":true,"href":"https:\/\/www.caririemacao.com\/1\/wp-json\/wp\/v2\/media\/44378"}],"wp:attachment":[{"href":"https:\/\/www.caririemacao.com\/1\/wp-json\/wp\/v2\/media?parent=44377"}],"wp:term":[{"taxonomy":"category","embeddable":true,"href":"https:\/\/www.caririemacao.com\/1\/wp-json\/wp\/v2\/categories?post=44377"},{"taxonomy":"post_tag","embeddable":true,"href":"https:\/\/www.caririemacao.com\/1\/wp-json\/wp\/v2\/tags?post=44377"}],"curies":[{"name":"wp","href":"https:\/\/api.w.org\/{rel}","templated":true}]}}