{"id":44381,"date":"2018-03-15T18:54:42","date_gmt":"2018-03-15T21:54:42","guid":{"rendered":"http:\/\/caririemacao.com\/1\/?p=44381"},"modified":"2018-03-15T19:03:19","modified_gmt":"2018-03-15T22:03:19","slug":"policia-militar-realiza-abordagem-e-prende-acusados-de-varios-delitos-na-regiao-do-cariri","status":"publish","type":"post","link":"https:\/\/www.caririemacao.com\/1\/2018\/03\/15\/policia-militar-realiza-abordagem-e-prende-acusados-de-varios-delitos-na-regiao-do-cariri\/","title":{"rendered":"Pol\u00edcia Militar prende acusados de v\u00e1rios delitos no Cariri"},"content":{"rendered":"<p>Durante a tarde desta quinta-feira (15), a Pol\u00edcia Militar, atrav\u00e9s da guarni\u00e7\u00e3o do sargento S\u00e9rgio, realizou uma abordagem de rotina nas proximidades da entrada do munic\u00edpio de Sum\u00e9 e durante a a\u00e7\u00e3o comandada pelo sargento foi abordado um ve\u00edculo gol, de cor branca e placas, MOG 1180.<\/p>\n<p>No momento da abordagem, o ve\u00edculo era ocupado por tr\u00eas homens e uma mulher. Ao fazer buscas no interior do ve\u00edculo, a Pol\u00edcia aprendeu dois rev\u00f3lveres calibre 32 com, 9 muni\u00e7\u00f5es, 1 muni\u00e7\u00e3o calibre 38, al\u00e9m de quatro celulares.<\/p>\n<p>Ainda de acordo com as informa\u00e7\u00f5es da Pol\u00edcia Militar, os acusados estavam de posse de uma quantia de R$ 1.470,00, que segundo os acusados era oriundo do assalto a uma f\u00e1brica, ocorrido durante as primeiras horas da manh\u00e3 de hoje.<\/p>\n<p>A pol\u00edcia ainda conseguiu localizar uma motocicleta que foi utilizada durante a a\u00e7\u00e3o criminosa na f\u00e1brica de queijos no munic\u00edpio de Monteiro.<\/p>\n<p>Os meliantes foram encaminhados para a Delegacia de Pol\u00edcia de Sum\u00e9 para os devidos procedimentos legais.<\/p>\n<p><strong>CARIRI EM A\u00c7\u00c3O<\/strong><\/p>\n<p><em>Reda\u00e7\u00e3o Cariri em A\u00e7\u00e3o<\/em><\/p>\n<p><strong>Leia mais not\u00edcias em\u00a0<a href=\"http:\/\/www.caririemacao.com\/\">caririemacao.com<\/a>, siga nossa p\u00e1gina no\u00a0<a href=\"https:\/\/www.facebook.com\/CaririEmAcao\/?ref=aymt_homepage_panel\">Facebook<\/a>,\u00a0<a href=\"https:\/\/www.instagram.com\/cariri_em_acao\/?hl=pt-br\">Instagram<\/a>\u00a0e\u00a0<a href=\"https:\/\/www.youtube.com\/channel\/UCAptA0jQuYQy8vMhLt2m4qg\">Youtube<\/a>\u00a0e veja nossas mat\u00e9rias, v\u00eddeos e fotos. Voc\u00ea tamb\u00e9m pode enviar informa\u00e7\u00f5es \u00e0 Reda\u00e7\u00e3o do Portal Cariri em A\u00e7\u00e3o pelo WhatsApp (83) 9 9634.5791, (83) 9 9601-1162.<\/strong><\/p>\n","protected":false},"excerpt":{"rendered":"<p>Durante a tarde desta quinta-feira (15), a Pol\u00edcia Militar, atrav\u00e9s da guarni\u00e7\u00e3o do sargento S\u00e9rgio, realizou uma abordagem de rotina nas proximidades da entrada do&hellip; <\/p>\n","protected":false},"author":2,"featured_media":44382,"comment_status":"closed","ping_status":"closed","sticky":false,"template":"","format":"standard","meta":{"sfsi_plus_gutenberg_text_before_share":"","sfsi_plus_gutenberg_show_text_before_share":"","sfsi_plus_gutenberg_icon_type":"","sfsi_plus_gutenberg_icon_alignemt":"","sfsi_plus_gutenburg_max_per_row":"","footnotes":""},"categories":[12],"tags":[],"class_list":["post-44381","post","type-post","status-publish","format-standard","has-post-thumbnail","hentry","category-policia"],"_links":{"self":[{"href":"https:\/\/www.caririemacao.com\/1\/wp-json\/wp\/v2\/posts\/44381","targetHints":{"allow":["GET"]}}],"collection":[{"href":"https:\/\/www.caririemacao.com\/1\/wp-json\/wp\/v2\/posts"}],"about":[{"href":"https:\/\/www.caririemacao.com\/1\/wp-json\/wp\/v2\/types\/post"}],"author":[{"embeddable":true,"href":"https:\/\/www.caririemacao.com\/1\/wp-json\/wp\/v2\/users\/2"}],"replies":[{"embeddable":true,"href":"https:\/\/www.caririemacao.com\/1\/wp-json\/wp\/v2\/comments?post=44381"}],"version-history":[{"count":0,"href":"https:\/\/www.caririemacao.com\/1\/wp-json\/wp\/v2\/posts\/44381\/revisions"}],"wp:featuredmedia":[{"embeddable":true,"href":"https:\/\/www.caririemacao.com\/1\/wp-json\/wp\/v2\/media\/44382"}],"wp:attachment":[{"href":"https:\/\/www.caririemacao.com\/1\/wp-json\/wp\/v2\/media?parent=44381"}],"wp:term":[{"taxonomy":"category","embeddable":true,"href":"https:\/\/www.caririemacao.com\/1\/wp-json\/wp\/v2\/categories?post=44381"},{"taxonomy":"post_tag","embeddable":true,"href":"https:\/\/www.caririemacao.com\/1\/wp-json\/wp\/v2\/tags?post=44381"}],"curies":[{"name":"wp","href":"https:\/\/api.w.org\/{rel}","templated":true}]}}