{"id":44387,"date":"2018-03-15T21:02:25","date_gmt":"2018-03-16T00:02:25","guid":{"rendered":"http:\/\/caririemacao.com\/1\/?p=44387"},"modified":"2018-03-16T09:45:29","modified_gmt":"2018-03-16T12:45:29","slug":"camalau-realiza-festa-dos-56-anos-com-uma-vasta-programacao","status":"publish","type":"post","link":"https:\/\/www.caririemacao.com\/1\/2018\/03\/15\/camalau-realiza-festa-dos-56-anos-com-uma-vasta-programacao\/","title":{"rendered":"Camala\u00fa realiza Festa dos 56 anos com uma vasta programa\u00e7\u00e3o"},"content":{"rendered":"<p>A Prefeitura Municipal de Camala\u00fa realiza nos dias 17 e 18 uma grande programa\u00e7\u00e3o comemorativa aos 56 anos de Emancipa\u00e7\u00e3o Pol\u00edtica do munic\u00edpio.<\/p>\n<p>No s\u00e1bado, dia 17, haver\u00e1 shows com Ni\u00e9dson Nill e Vav\u00e1 Dias. J\u00e1 no domingo, dia 18, animam a noite a banda Forr\u00f3 Topado e a voz Irresist\u00edvel de Walkyria Santos. Todos os shows ser\u00e3o realizados na pra\u00e7a de eventos.<\/p>\n<p>O prefeito Sandro M\u00f4co informou que durante a programa\u00e7\u00e3o, no domingo dia 18, a partir das 9h30, ser\u00e1 resgatada a tradicional Missa do Vaqueiro, em frente \u00e0 Igreja de S\u00e3o Jos\u00e9, e a tarde, a partir das 13h, a tradicional Pega de Boi, saindo do Parque Malaquias com uma premia\u00e7\u00e3o de 3 mil reais com 200 reais para cada boi, no total ser\u00e3o 15 bois. Al\u00e9m da premia\u00e7\u00e3o em dinheiro, os vencedores tamb\u00e9m receber\u00e3o trof\u00e9us.<\/p>\n<p>A Pega de Boi ir\u00e1 homenagear o ex-organizador, Antonio Gato, e Galeguinho Rola, al\u00e9m de premiar o vaqueiro mais novo e mais velho. Eles tamb\u00e9m receber\u00e3o trof\u00e9us.<\/p>\n<p>O prefeito Sandro destacou que na segunda-feira, dia 19, data que se comemora os 56 anos de Emancipa\u00e7\u00e3o Pol\u00edtica de Camala\u00fa, haver\u00e1 o hasteamento da Bandeira e durante o dia ser\u00e1 realizada pela Igreja S\u00e3o Jos\u00e9 o encerramento da Festa de S\u00e3o Jos\u00e9, padroeiro de Camala\u00fa, com Missa e Prociss\u00e3o.<\/p>\n<p><strong>CARIRI EM A\u00c7\u00c3O<\/strong><\/p>\n<p><strong>Leia mais not\u00edcias em\u00a0<\/strong><a style=\"font-style: inherit; font-weight: inherit;\" href=\"http:\/\/www.caririemacao.com\/\"><strong style=\"font-style: inherit;\">caririemacao.com<\/strong><\/a><strong style=\"font-style: inherit;\">, siga nossa p\u00e1gina no\u00a0<\/strong><a style=\"font-style: inherit; font-weight: inherit;\" href=\"https:\/\/www.facebook.com\/CaririEmAcao\/?ref=aymt_homepage_panel\"><strong style=\"font-style: inherit;\">Facebook<\/strong><\/a>,<strong style=\"font-style: inherit;\">\u00a0<\/strong><a style=\"font-style: inherit; font-weight: inherit;\" href=\"https:\/\/www.instagram.com\/cariri_em_acao\/?hl=pt-br\"><strong style=\"font-style: inherit;\">Instagram<\/strong><\/a><strong style=\"font-style: inherit;\">\u00a0e\u00a0<\/strong><a style=\"font-style: inherit; font-weight: inherit;\" href=\"https:\/\/www.youtube.com\/channel\/UCAptA0jQuYQy8vMhLt2m4qg\"><strong style=\"font-style: inherit;\">Youtube<\/strong><\/a><strong style=\"font-style: inherit;\">\u00a0e veja nossas mat\u00e9rias, v\u00eddeos e fotos. Voc\u00ea tamb\u00e9m pode enviar informa\u00e7\u00f5es \u00e0 Reda\u00e7\u00e3o do Portal Cariri em A\u00e7\u00e3o pelo WhatsApp (83) 9 9634.5791, (83) 9 9601-1162.<\/strong><\/p>\n","protected":false},"excerpt":{"rendered":"<p>A Prefeitura Municipal de Camala\u00fa realiza nos dias 17 e 18 uma grande programa\u00e7\u00e3o comemorativa aos 56 anos de Emancipa\u00e7\u00e3o Pol\u00edtica do munic\u00edpio. No s\u00e1bado,&hellip; <\/p>\n","protected":false},"author":2,"featured_media":44388,"comment_status":"closed","ping_status":"closed","sticky":false,"template":"","format":"standard","meta":{"sfsi_plus_gutenberg_text_before_share":"","sfsi_plus_gutenberg_show_text_before_share":"","sfsi_plus_gutenberg_icon_type":"","sfsi_plus_gutenberg_icon_alignemt":"","sfsi_plus_gutenburg_max_per_row":"","footnotes":""},"categories":[6],"tags":[],"class_list":["post-44387","post","type-post","status-publish","format-standard","has-post-thumbnail","hentry","category-cidades"],"_links":{"self":[{"href":"https:\/\/www.caririemacao.com\/1\/wp-json\/wp\/v2\/posts\/44387","targetHints":{"allow":["GET"]}}],"collection":[{"href":"https:\/\/www.caririemacao.com\/1\/wp-json\/wp\/v2\/posts"}],"about":[{"href":"https:\/\/www.caririemacao.com\/1\/wp-json\/wp\/v2\/types\/post"}],"author":[{"embeddable":true,"href":"https:\/\/www.caririemacao.com\/1\/wp-json\/wp\/v2\/users\/2"}],"replies":[{"embeddable":true,"href":"https:\/\/www.caririemacao.com\/1\/wp-json\/wp\/v2\/comments?post=44387"}],"version-history":[{"count":0,"href":"https:\/\/www.caririemacao.com\/1\/wp-json\/wp\/v2\/posts\/44387\/revisions"}],"wp:featuredmedia":[{"embeddable":true,"href":"https:\/\/www.caririemacao.com\/1\/wp-json\/wp\/v2\/media\/44388"}],"wp:attachment":[{"href":"https:\/\/www.caririemacao.com\/1\/wp-json\/wp\/v2\/media?parent=44387"}],"wp:term":[{"taxonomy":"category","embeddable":true,"href":"https:\/\/www.caririemacao.com\/1\/wp-json\/wp\/v2\/categories?post=44387"},{"taxonomy":"post_tag","embeddable":true,"href":"https:\/\/www.caririemacao.com\/1\/wp-json\/wp\/v2\/tags?post=44387"}],"curies":[{"name":"wp","href":"https:\/\/api.w.org\/{rel}","templated":true}]}}