{"id":44392,"date":"2018-03-16T07:01:47","date_gmt":"2018-03-16T10:01:47","guid":{"rendered":"http:\/\/caririemacao.com\/1\/?p=44392"},"modified":"2018-03-16T07:01:47","modified_gmt":"2018-03-16T10:01:47","slug":"empreenderpb-abre-inscricoes-para-renovacao-de-credito-em-39-municipios","status":"publish","type":"post","link":"https:\/\/www.caririemacao.com\/1\/2018\/03\/16\/empreenderpb-abre-inscricoes-para-renovacao-de-credito-em-39-municipios\/","title":{"rendered":"EmpreenderPB abre inscri\u00e7\u00f5es para renova\u00e7\u00e3o de cr\u00e9dito em 39 munic\u00edpios"},"content":{"rendered":"<p>O programa Empreender Para\u00edba abre, nesta sexta-feira (16) e domingo (18), inscri\u00e7\u00f5es para renova\u00e7\u00e3o de cr\u00e9dito para empreendedores da 2\u00aa e 12\u00aa regi\u00f5es que desejam a amplia\u00e7\u00e3o de seus empreendimentos. A inscri\u00e7\u00e3o pode ser realizada por mutu\u00e1rios que j\u00e1 foram beneficiados com o cr\u00e9dito do Empreender e que j\u00e1 realizaram a quita\u00e7\u00e3o do seu empr\u00e9stimo junto ao programa. Os interessados dos munic\u00edpios ofertados devem acessar o endere\u00e7o\u00a0www.empreender.pb.gov.br\u00a0e realizar a inscri\u00e7\u00e3o a partir da meia noite das referidas datas.<\/p>\n<p>Nesta sexta-feira (16), os munic\u00edpios que abrir\u00e3o inscri\u00e7\u00e3o fazem parte da 12\u00aa regional do Estado, s\u00e3o eles: Itabaiana, Caldas Brand\u00e3o, Gurinh\u00e9m, Ing\u00e1, Itatuba, Juarez T\u00e1vora, Juripiranga, Mogeiro, Pedra de Fogo, Pilar, Riach\u00e3o do Bacamarte, Salgado de S\u00e3o F\u00e9lix, S\u00e3o Jos\u00e9 dos Ramos, S\u00e3o Miguel de Taipu e Serra Redonda.<\/p>\n<p>J\u00e1 na 2\u00aa regi\u00e3o, onde as inscri\u00e7\u00f5es come\u00e7am neste domingo (18), as cidades atendidas ser\u00e3o Alagoinha, Ara\u00e7agi, Araruna, Bananeiras, Bel\u00e9m, Borborema, Cacimba de Dentro, Cai\u00e7ara, Casserengue, Cuitegi, Dona In\u00eas, Duas Estradas, Guarabira, Logradouro, Mulungu, Pil\u00f5es, Pil\u00f5ezinhos, Pirpirituba, Riach\u00e3o, Serra da Raiz, Serraria, Sert\u00e3ozinho, Sol\u00e2nea e Tacima.<\/p>\n<p>O processo de renova\u00e7\u00e3o do cr\u00e9dito funciona a partir do preenchimento de um formul\u00e1rio de verifica\u00e7\u00e3o e aplica\u00e7\u00e3o dos recursos financiados, no qual o empreendedor informar\u00e1, al\u00e9m dos seus dados pessoais, comprovantes por meio de fotografias, recebidos ou notas fiscais, a forma como foi utilizado o cr\u00e9dito anterior. Finalizado o preenchimento, o mutu\u00e1rio dever\u00e1 digitalizar o formul\u00e1rio juntamente com os documentos comprobat\u00f3rios que deseje anexar.<\/p>\n<p>Este formul\u00e1rio pode ser encontrado no portal do Empreender, disponibilizado no link\u00a0www.paraiba.pb.gov.br\/empreenderparaiba, ao clicar no campo \u201cRenova\u00e7\u00e3o de Cr\u00e9dito\u201d. Ap\u00f3s estes procedimentos, o usu\u00e1rio acessa o endere\u00e7o eletr\u00f4nicowww.empreender.pb.gov.br\u00a0e poder\u00e1 prosseguir com a inscri\u00e7\u00e3o por meio do cadastramento online. As vagas s\u00e3o limitadas.<\/p>\n<p>Para mais informa\u00e7\u00f5es, os interessados devem ligar para o 3612-9250.<\/p>\n<p><strong>CARIRI EM A\u00c7\u00c3O<\/strong><\/p>\n<p><em>Com Tiago Morais\/Foto: Reprodu\u00e7\u00e3o google<\/em><\/p>\n<p><strong>Leia mais not\u00edcias em\u00a0<\/strong><a href=\"http:\/\/www.caririemacao.com\/\"><strong>caririemacao.com<\/strong><\/a><strong>, siga nossa p\u00e1gina no\u00a0<\/strong><a href=\"https:\/\/www.facebook.com\/CaririEmAcao\/?ref=aymt_homepage_panel\"><strong>Facebook<\/strong><\/a>,<strong>\u00a0<\/strong><a href=\"https:\/\/www.instagram.com\/cariri_em_acao\/?hl=pt-br\"><strong>Instagram<\/strong><\/a><strong>\u00a0e\u00a0<\/strong><a href=\"https:\/\/www.youtube.com\/channel\/UCAptA0jQuYQy8vMhLt2m4qg\"><strong>Youtube<\/strong><\/a><strong>\u00a0e veja nossas mat\u00e9rias, v\u00eddeos e fotos. Voc\u00ea tamb\u00e9m pode enviar informa\u00e7\u00f5es \u00e0 Reda\u00e7\u00e3o do Portal Cariri em A\u00e7\u00e3o pelo WhatsApp (83) 9 9634.5791, (83) 9 9601-1162.<\/strong><\/p>\n","protected":false},"excerpt":{"rendered":"<p>O programa Empreender Para\u00edba abre, nesta sexta-feira (16) e domingo (18), inscri\u00e7\u00f5es para renova\u00e7\u00e3o de cr\u00e9dito para empreendedores da 2\u00aa e 12\u00aa regi\u00f5es que desejam&hellip; <\/p>\n","protected":false},"author":2,"featured_media":44393,"comment_status":"closed","ping_status":"closed","sticky":false,"template":"","format":"standard","meta":{"sfsi_plus_gutenberg_text_before_share":"","sfsi_plus_gutenberg_show_text_before_share":"","sfsi_plus_gutenberg_icon_type":"","sfsi_plus_gutenberg_icon_alignemt":"","sfsi_plus_gutenburg_max_per_row":"","footnotes":""},"categories":[2],"tags":[],"class_list":["post-44392","post","type-post","status-publish","format-standard","has-post-thumbnail","hentry","category-geral"],"_links":{"self":[{"href":"https:\/\/www.caririemacao.com\/1\/wp-json\/wp\/v2\/posts\/44392","targetHints":{"allow":["GET"]}}],"collection":[{"href":"https:\/\/www.caririemacao.com\/1\/wp-json\/wp\/v2\/posts"}],"about":[{"href":"https:\/\/www.caririemacao.com\/1\/wp-json\/wp\/v2\/types\/post"}],"author":[{"embeddable":true,"href":"https:\/\/www.caririemacao.com\/1\/wp-json\/wp\/v2\/users\/2"}],"replies":[{"embeddable":true,"href":"https:\/\/www.caririemacao.com\/1\/wp-json\/wp\/v2\/comments?post=44392"}],"version-history":[{"count":0,"href":"https:\/\/www.caririemacao.com\/1\/wp-json\/wp\/v2\/posts\/44392\/revisions"}],"wp:featuredmedia":[{"embeddable":true,"href":"https:\/\/www.caririemacao.com\/1\/wp-json\/wp\/v2\/media\/44393"}],"wp:attachment":[{"href":"https:\/\/www.caririemacao.com\/1\/wp-json\/wp\/v2\/media?parent=44392"}],"wp:term":[{"taxonomy":"category","embeddable":true,"href":"https:\/\/www.caririemacao.com\/1\/wp-json\/wp\/v2\/categories?post=44392"},{"taxonomy":"post_tag","embeddable":true,"href":"https:\/\/www.caririemacao.com\/1\/wp-json\/wp\/v2\/tags?post=44392"}],"curies":[{"name":"wp","href":"https:\/\/api.w.org\/{rel}","templated":true}]}}