{"id":44402,"date":"2018-03-16T07:19:11","date_gmt":"2018-03-16T10:19:11","guid":{"rendered":"http:\/\/caririemacao.com\/1\/?p=44402"},"modified":"2018-03-16T07:19:11","modified_gmt":"2018-03-16T10:19:11","slug":"novo-prazo-para-complementacao-de-inscricao-no-fies-termina-hoje","status":"publish","type":"post","link":"https:\/\/www.caririemacao.com\/1\/2018\/03\/16\/novo-prazo-para-complementacao-de-inscricao-no-fies-termina-hoje\/","title":{"rendered":"Novo prazo para complementa\u00e7\u00e3o de inscri\u00e7\u00e3o no Fies termina hoje"},"content":{"rendered":"<p>O Minist\u00e9rio da Educa\u00e7\u00e3o (MEC) prorrogou novamente o prazo para os estudantes pr\u00e9-selecionados na chamada \u00fanica do Fundo de Financiamento Estudantil (Fies) complementarem sua inscri\u00e7\u00e3o no Fies Sele\u00e7\u00e3o. Os candidatos t\u00eam at\u00e9 esta sexta-feira (16) para fechar a contrata\u00e7\u00e3o.<\/p>\n<p>At\u00e9 o momento, a pasta n\u00e3o divulgou balan\u00e7o parcial dos candidatos que conseguiram concluir a inscri\u00e7\u00e3o. Essa \u00e9 a terceira vez que o MEC adia o prazo, que terminaria na quinta-feira passada (8).<\/p>\n<p>Segundo o MEC, a nova prorroga\u00e7\u00e3o do prazo busca foi necess\u00e1ria para garantir os interesses dos candidatos pr\u00e9-selecionados em chamada \u00fanica e que estiverem classificados em lista de espera.<\/p>\n<p>A lista de pr\u00e9-selecionados na chamada regular do Fies foi divulgada na noite de segunda-feira (5), e, desde ent\u00e3o, candidatos relataram problemas para concluir a inscri\u00e7\u00e3o.<\/p>\n<p>A prorroga\u00e7\u00e3o abrange as 80 mil vagas a juro zero, destinadas, neste primeiro semestre, aos estudantes que comprovarem renda per capital mensal familiar de at\u00e9 tr\u00eas sal\u00e1rios m\u00ednimos. O per\u00edodo de divulga\u00e7\u00e3o dos resultados da pr\u00e9-sele\u00e7\u00e3o da modalidade P-Fies come\u00e7a no dia 16 de mar\u00e7o.<\/p>\n<p><strong>CARIRI EM A\u00c7\u00c3O<\/strong><\/p>\n<p><em>Com Not\u00edcias ao Minuto\/Foto:\u00a0Reprodu\u00e7\u00e3o google<\/em><\/p>\n<p><strong>Leia mais not\u00edcias em\u00a0<\/strong><a href=\"http:\/\/www.caririemacao.com\/\"><strong>caririemacao.com<\/strong><\/a><strong>, siga nossa p\u00e1gina no\u00a0<\/strong><a href=\"https:\/\/www.facebook.com\/CaririEmAcao\/?ref=aymt_homepage_panel\"><strong>Facebook<\/strong><\/a>,<strong>\u00a0<\/strong><a href=\"https:\/\/www.instagram.com\/cariri_em_acao\/?hl=pt-br\"><strong>Instagram<\/strong><\/a><strong>\u00a0e\u00a0<\/strong><a href=\"https:\/\/www.youtube.com\/channel\/UCAptA0jQuYQy8vMhLt2m4qg\"><strong>Youtube<\/strong><\/a><strong>\u00a0e veja nossas mat\u00e9rias, v\u00eddeos e fotos. Voc\u00ea tamb\u00e9m pode enviar informa\u00e7\u00f5es \u00e0 Reda\u00e7\u00e3o do Portal Cariri em A\u00e7\u00e3o pelo WhatsApp (83) 9 9634.5791, (83) 9 9601-1162.<\/strong><\/p>\n","protected":false},"excerpt":{"rendered":"<p>O Minist\u00e9rio da Educa\u00e7\u00e3o (MEC) prorrogou novamente o prazo para os estudantes pr\u00e9-selecionados na chamada \u00fanica do Fundo de Financiamento Estudantil (Fies) complementarem sua inscri\u00e7\u00e3o&hellip; <\/p>\n","protected":false},"author":2,"featured_media":4722,"comment_status":"closed","ping_status":"closed","sticky":false,"template":"","format":"standard","meta":{"sfsi_plus_gutenberg_text_before_share":"","sfsi_plus_gutenberg_show_text_before_share":"","sfsi_plus_gutenberg_icon_type":"","sfsi_plus_gutenberg_icon_alignemt":"","sfsi_plus_gutenburg_max_per_row":"","footnotes":""},"categories":[14],"tags":[],"class_list":["post-44402","post","type-post","status-publish","format-standard","has-post-thumbnail","hentry","category-educacao"],"_links":{"self":[{"href":"https:\/\/www.caririemacao.com\/1\/wp-json\/wp\/v2\/posts\/44402","targetHints":{"allow":["GET"]}}],"collection":[{"href":"https:\/\/www.caririemacao.com\/1\/wp-json\/wp\/v2\/posts"}],"about":[{"href":"https:\/\/www.caririemacao.com\/1\/wp-json\/wp\/v2\/types\/post"}],"author":[{"embeddable":true,"href":"https:\/\/www.caririemacao.com\/1\/wp-json\/wp\/v2\/users\/2"}],"replies":[{"embeddable":true,"href":"https:\/\/www.caririemacao.com\/1\/wp-json\/wp\/v2\/comments?post=44402"}],"version-history":[{"count":0,"href":"https:\/\/www.caririemacao.com\/1\/wp-json\/wp\/v2\/posts\/44402\/revisions"}],"wp:featuredmedia":[{"embeddable":true,"href":"https:\/\/www.caririemacao.com\/1\/wp-json\/wp\/v2\/media\/4722"}],"wp:attachment":[{"href":"https:\/\/www.caririemacao.com\/1\/wp-json\/wp\/v2\/media?parent=44402"}],"wp:term":[{"taxonomy":"category","embeddable":true,"href":"https:\/\/www.caririemacao.com\/1\/wp-json\/wp\/v2\/categories?post=44402"},{"taxonomy":"post_tag","embeddable":true,"href":"https:\/\/www.caririemacao.com\/1\/wp-json\/wp\/v2\/tags?post=44402"}],"curies":[{"name":"wp","href":"https:\/\/api.w.org\/{rel}","templated":true}]}}