{"id":44404,"date":"2018-03-16T07:22:21","date_gmt":"2018-03-16T10:22:21","guid":{"rendered":"http:\/\/caririemacao.com\/1\/?p=44404"},"modified":"2018-03-16T07:22:21","modified_gmt":"2018-03-16T10:22:21","slug":"reajuste-do-bolsa-familia-sera-anunciado-ainda-este-mes","status":"publish","type":"post","link":"https:\/\/www.caririemacao.com\/1\/2018\/03\/16\/reajuste-do-bolsa-familia-sera-anunciado-ainda-este-mes\/","title":{"rendered":"Reajuste do Bolsa Fam\u00edlia ser\u00e1 anunciado ainda este m\u00eas"},"content":{"rendered":"<p><span class=\"news_capital_letter\">O<\/span>ministro do Desenvolvimento Social, Osmar Terra, afirmou na \u00faltima quinta-feira (15), no Pal\u00e1cio do Planalto, que o reajuste do Bolsa Fam\u00edlia ser\u00e1 anunciado ainda este m\u00eas. Questionado sobre o valor, ele disse que ser\u00e1 maior que a infla\u00e7\u00e3o, mas que o percentual ainda est\u00e1 sendo definido.<\/p>\n<p>\u201cProvavelmente [o reajuste] vai ser anunciado agora no m\u00eas de mar\u00e7o e deve vigorar provavelmente no final de abril ou maio. A ideia \u00e9 dar um reajuste acima da infla\u00e7\u00e3o. E estamos estudando uma forma de compensar o aumento do pre\u00e7o do g\u00e1s, mas ainda n\u00e3o est\u00e1 acertado [como isso ser\u00e1 feito]\u201d, disse o ministro. Perguntado por jornalistas se o reajuste ser\u00e1 de 5%, ele chegou a dizer que poderia ser esse valor \u201cou mais\u201d, mas reiterou que a quest\u00e3o ainda estava sendo definida.<\/p>\n<p><strong>Plano Progredir<\/strong><\/p>\n<p>O ministro falou com a imprensa essa noite ap\u00f3s cerim\u00f4nia do Plano Progredir, que tem a\u00e7\u00f5es de capacita\u00e7\u00e3o, incentivo ao empreendedorismo e acesso ao mercado de trabalho e vai disponibilizar R$ 3 bilh\u00f5es por ano em linha de microcr\u00e9dito para o p\u00fablico-alvo investir em pequenos neg\u00f3cios. A ideia do governo com o Progredir, disse o ministro, \u00e9 fazer com que as fam\u00edlias que recebem o Bolsa Fam\u00edlia \u201cpercam o medo\u201d de ter empregos formais.<\/p>\n<p>Com o plano, fam\u00edlias continuam recebendo o benef\u00edcio por dois meses ap\u00f3s firmarem contrato de trabalho formal. E, mesmo deixando o Bolsa Fam\u00edlia ap\u00f3s esse per\u00edodo, voltam a receber o benef\u00edcio se perderem o emprego.<\/p>\n<p>Na cerim\u00f4nia de hoje foram divulgados os primeiros resultados do Progredir. Lan\u00e7ado no final setembro, o plano chegou a R$ 1,94 bilh\u00e3o em microcr\u00e9dito, al\u00e9m de 68 mil empregos formais e qualifica\u00e7\u00e3o profissionais de 84 mil pessoas. Terra destacou que o governo Michel Temer encontrou um Bolsa Fam\u00edlia que n\u00e3o reduziu a pobreza, justificando a cria\u00e7\u00e3o de programas auxiliares, como o Progredir.<\/p>\n<p>\u201cA exist\u00eancia dos programas de transfer\u00eancia de renda n\u00e3o foi suficiente para reduzir a pobreza, s\u00f3 [para atenuar] a quest\u00e3o da pobreza extrema. Mas eles n\u00e3o reduziram o n\u00famero de pobres. A pobreza no Brasil continua intacta. Acho que o Plano Progredir faz parte dessa nova maneira de pensar a quest\u00e3o do Bolsa Fam\u00edlia\u201d, destacou.<\/p>\n<p><strong>CARIRI EM A\u00c7\u00c3O<\/strong><\/p>\n<p><em>Com Ag\u00eancia Brasil\/Foto: Reprodu\u00e7\u00e3o google<\/em><\/p>\n<p><strong>Leia mais not\u00edcias em\u00a0<\/strong><a href=\"http:\/\/www.caririemacao.com\/\"><strong>caririemacao.com<\/strong><\/a><strong>, siga nossa p\u00e1gina no\u00a0<\/strong><a href=\"https:\/\/www.facebook.com\/CaririEmAcao\/?ref=aymt_homepage_panel\"><strong>Facebook<\/strong><\/a>,<strong>\u00a0<\/strong><a href=\"https:\/\/www.instagram.com\/cariri_em_acao\/?hl=pt-br\"><strong>Instagram<\/strong><\/a><strong>\u00a0e\u00a0<\/strong><a href=\"https:\/\/www.youtube.com\/channel\/UCAptA0jQuYQy8vMhLt2m4qg\"><strong>Youtube<\/strong><\/a><strong>\u00a0e veja nossas mat\u00e9rias, v\u00eddeos e fotos. Voc\u00ea tamb\u00e9m pode enviar informa\u00e7\u00f5es \u00e0 Reda\u00e7\u00e3o do Portal Cariri em A\u00e7\u00e3o pelo WhatsApp (83) 9 9634.5791, (83) 9 9601-1162.<\/strong><\/p>\n","protected":false},"excerpt":{"rendered":"<p>Oministro do Desenvolvimento Social, Osmar Terra, afirmou na \u00faltima quinta-feira (15), no Pal\u00e1cio do Planalto, que o reajuste do Bolsa Fam\u00edlia ser\u00e1 anunciado ainda este&hellip; <\/p>\n","protected":false},"author":2,"featured_media":43180,"comment_status":"closed","ping_status":"closed","sticky":false,"template":"","format":"standard","meta":{"sfsi_plus_gutenberg_text_before_share":"","sfsi_plus_gutenberg_show_text_before_share":"","sfsi_plus_gutenberg_icon_type":"","sfsi_plus_gutenberg_icon_alignemt":"","sfsi_plus_gutenburg_max_per_row":"","footnotes":""},"categories":[2],"tags":[],"class_list":["post-44404","post","type-post","status-publish","format-standard","has-post-thumbnail","hentry","category-geral"],"_links":{"self":[{"href":"https:\/\/www.caririemacao.com\/1\/wp-json\/wp\/v2\/posts\/44404","targetHints":{"allow":["GET"]}}],"collection":[{"href":"https:\/\/www.caririemacao.com\/1\/wp-json\/wp\/v2\/posts"}],"about":[{"href":"https:\/\/www.caririemacao.com\/1\/wp-json\/wp\/v2\/types\/post"}],"author":[{"embeddable":true,"href":"https:\/\/www.caririemacao.com\/1\/wp-json\/wp\/v2\/users\/2"}],"replies":[{"embeddable":true,"href":"https:\/\/www.caririemacao.com\/1\/wp-json\/wp\/v2\/comments?post=44404"}],"version-history":[{"count":0,"href":"https:\/\/www.caririemacao.com\/1\/wp-json\/wp\/v2\/posts\/44404\/revisions"}],"wp:featuredmedia":[{"embeddable":true,"href":"https:\/\/www.caririemacao.com\/1\/wp-json\/wp\/v2\/media\/43180"}],"wp:attachment":[{"href":"https:\/\/www.caririemacao.com\/1\/wp-json\/wp\/v2\/media?parent=44404"}],"wp:term":[{"taxonomy":"category","embeddable":true,"href":"https:\/\/www.caririemacao.com\/1\/wp-json\/wp\/v2\/categories?post=44404"},{"taxonomy":"post_tag","embeddable":true,"href":"https:\/\/www.caririemacao.com\/1\/wp-json\/wp\/v2\/tags?post=44404"}],"curies":[{"name":"wp","href":"https:\/\/api.w.org\/{rel}","templated":true}]}}