{"id":44414,"date":"2018-03-16T08:46:06","date_gmt":"2018-03-16T11:46:06","guid":{"rendered":"http:\/\/caririemacao.com\/1\/?p=44414"},"modified":"2018-03-16T08:46:06","modified_gmt":"2018-03-16T11:46:06","slug":"atletico-de-madri-confirma-fratura-na-fibula-de-filipe-luis","status":"publish","type":"post","link":"https:\/\/www.caririemacao.com\/1\/2018\/03\/16\/atletico-de-madri-confirma-fratura-na-fibula-de-filipe-luis\/","title":{"rendered":"Atl\u00e9tico de Madri confirma fratura na f\u00edbula de Filipe Lu\u00eds"},"content":{"rendered":"<p><span class=\"news_capital_letter\">O\u00a0<\/span>clube Atl\u00e9tico de Madri divulgou em seu site e twitter\u00a0que a fratura na f\u00edbula\u00a0esquerda de Filipe Lu\u00eds foi confirmada.<\/p>\n<p>O lateral-esquerdo, que foi convocado para a sele\u00e7\u00e3o, foi lesionado ao desarmar uma jogada do atacante \u00c9der, do Lokomotiv\u00a0Moscou, durante partida na \u00faltima quinta (15) e teve de ser retirado de campo numa maca.<\/p>\n<p>Em sua nota, o clube deseja uma boa recupera\u00e7\u00e3o\u00a0ao seu jogador, mas n\u00e3o menciona por quanto tempo ele poderia ficar afastado do gramado.<\/p>\n<p><strong>CARIRI EM A\u00c7\u00c3O<\/strong><\/p>\n<p><em>Com Esporte ao Minuto\/Foto: Reprodu\u00e7\u00e3o google<\/em><\/p>\n<p><strong>Leia mais not\u00edcias em\u00a0<\/strong><a href=\"http:\/\/www.caririemacao.com\/\"><strong>caririemacao.com<\/strong><\/a><strong>, siga nossa p\u00e1gina no\u00a0<\/strong><a href=\"https:\/\/www.facebook.com\/CaririEmAcao\/?ref=aymt_homepage_panel\"><strong>Facebook<\/strong><\/a>,<strong>\u00a0<\/strong><a href=\"https:\/\/www.instagram.com\/cariri_em_acao\/?hl=pt-br\"><strong>Instagram<\/strong><\/a><strong>\u00a0e\u00a0<\/strong><a href=\"https:\/\/www.youtube.com\/channel\/UCAptA0jQuYQy8vMhLt2m4qg\"><strong>Youtube<\/strong><\/a><strong>\u00a0e veja nossas mat\u00e9rias, v\u00eddeos e fotos. Voc\u00ea tamb\u00e9m pode enviar informa\u00e7\u00f5es \u00e0 Reda\u00e7\u00e3o do Portal Cariri em A\u00e7\u00e3o pelo WhatsApp (83) 9 9634.5791, (83) 9 9601-1162.<\/strong><\/p>\n","protected":false},"excerpt":{"rendered":"<p>O\u00a0clube Atl\u00e9tico de Madri divulgou em seu site e twitter\u00a0que a fratura na f\u00edbula\u00a0esquerda de Filipe Lu\u00eds foi confirmada. O lateral-esquerdo, que foi convocado para&hellip; <\/p>\n","protected":false},"author":2,"featured_media":44415,"comment_status":"closed","ping_status":"closed","sticky":false,"template":"","format":"standard","meta":{"sfsi_plus_gutenberg_text_before_share":"","sfsi_plus_gutenberg_show_text_before_share":"","sfsi_plus_gutenberg_icon_type":"","sfsi_plus_gutenberg_icon_alignemt":"","sfsi_plus_gutenburg_max_per_row":"","footnotes":""},"categories":[13],"tags":[],"class_list":["post-44414","post","type-post","status-publish","format-standard","has-post-thumbnail","hentry","category-esportes"],"_links":{"self":[{"href":"https:\/\/www.caririemacao.com\/1\/wp-json\/wp\/v2\/posts\/44414","targetHints":{"allow":["GET"]}}],"collection":[{"href":"https:\/\/www.caririemacao.com\/1\/wp-json\/wp\/v2\/posts"}],"about":[{"href":"https:\/\/www.caririemacao.com\/1\/wp-json\/wp\/v2\/types\/post"}],"author":[{"embeddable":true,"href":"https:\/\/www.caririemacao.com\/1\/wp-json\/wp\/v2\/users\/2"}],"replies":[{"embeddable":true,"href":"https:\/\/www.caririemacao.com\/1\/wp-json\/wp\/v2\/comments?post=44414"}],"version-history":[{"count":0,"href":"https:\/\/www.caririemacao.com\/1\/wp-json\/wp\/v2\/posts\/44414\/revisions"}],"wp:featuredmedia":[{"embeddable":true,"href":"https:\/\/www.caririemacao.com\/1\/wp-json\/wp\/v2\/media\/44415"}],"wp:attachment":[{"href":"https:\/\/www.caririemacao.com\/1\/wp-json\/wp\/v2\/media?parent=44414"}],"wp:term":[{"taxonomy":"category","embeddable":true,"href":"https:\/\/www.caririemacao.com\/1\/wp-json\/wp\/v2\/categories?post=44414"},{"taxonomy":"post_tag","embeddable":true,"href":"https:\/\/www.caririemacao.com\/1\/wp-json\/wp\/v2\/tags?post=44414"}],"curies":[{"name":"wp","href":"https:\/\/api.w.org\/{rel}","templated":true}]}}