{"id":44423,"date":"2018-03-16T09:28:28","date_gmt":"2018-03-16T12:28:28","guid":{"rendered":"http:\/\/caririemacao.com\/1\/?p=44423"},"modified":"2018-03-16T09:28:28","modified_gmt":"2018-03-16T12:28:28","slug":"stf-derruba-limite-de-recursos-do-fundo-partidario-para-mulheres","status":"publish","type":"post","link":"https:\/\/www.caririemacao.com\/1\/2018\/03\/16\/stf-derruba-limite-de-recursos-do-fundo-partidario-para-mulheres\/","title":{"rendered":"STF derruba limite de recursos do fundo partid\u00e1rio para mulheres"},"content":{"rendered":"<div class=\"mc-column content-text active-extra-styles active-capital-letter\" data-block-type=\"unstyled\" data-block-weight=\"31\" data-block-id=\"2\">\n<p class=\"content-text__container theme-color-primary-first-letter\" data-track-category=\"Link no Texto\" data-track-links=\"\">O Supremo Tribunal Federal (STF) derrubou nesta quinta-feira (15), por maioria, o limite estabelecido pelo Congresso Nacional em 2015 para a distribui\u00e7\u00e3o de recursos do fundo partid\u00e1rio para campanhas de mulheres.<\/p>\n<\/div>\n<div class=\"mc-column content-text active-extra-styles \" data-block-type=\"unstyled\" data-block-weight=\"22\" data-block-id=\"3\">\n<p class=\"content-text__container \" data-track-category=\"Link no Texto\" data-track-links=\"\">Com a decis\u00e3o, o atual teto de 15% passar\u00e1 para ao menos 30%, mesma propor\u00e7\u00e3o de candidatas que cada partido deve ter.<\/p>\n<\/div>\n<div class=\"mc-column content-text active-extra-styles \" data-block-type=\"unstyled\" data-block-weight=\"31\" data-block-id=\"4\">\n<p class=\"content-text__container \" data-track-category=\"Link no Texto\" data-track-links=\"\">Conforme a minirreforma eleitoral de 2015, aprovada pelo Congresso, os partidos teriam que reservar entre 5%,e 15% dos recursos para as campanhas de mulheres nas elei\u00e7\u00f5es de 2016, 2018 e 2020.<\/p>\n<\/div>\n<div class=\"mc-column content-text active-extra-styles \" data-block-type=\"unstyled\" data-block-weight=\"37\" data-block-id=\"5\">\n<p class=\"content-text__container \" data-track-category=\"Link no Texto\" data-track-links=\"\">Na a\u00e7\u00e3o em an\u00e1lise no STF, a Procuradoria-Geral da Rep\u00fablica argumentou que esses limites ferem o princ\u00edpio da igualdade e, por isso, s\u00e3o inconstitucionais. \u201cOs partidos t\u00eam faces masculinas\u201d, alegou o vice-procurador da Rep\u00fablica Luciano Mariz Maia.<\/p>\n<p class=\"content-text__container \" data-track-category=\"Link no Texto\" data-track-links=\"\">\u201cA igualdade de oportunidades passa, necessariamente ,pela possibilidade que tenham as mulheres \u2013 a partir dos partidos pol\u00edticos \u2013 de apresentar suas ideias e ter recursos financeiros que deem suporte para seus projetos\u201d.<\/p>\n<p class=\"content-text__container \" data-track-category=\"Link no Texto\" data-track-links=\"\">Votos dos ministros<\/p>\n<\/div>\n<div class=\"mc-column content-text active-extra-styles \" data-block-type=\"unstyled\" data-block-weight=\"24\" data-block-id=\"8\">\n<p class=\"content-text__container \" data-track-category=\"Link no Texto\" data-track-links=\"\">Em seu voto, o relator da a\u00e7\u00e3o, ministro\u00a0Edson Fachin, afirmou que \u201cinexistem justificativas razo\u00e1veis nem racionais e muito menos constitucionais para essa discrimina\u00e7\u00e3o\u201d.<\/p>\n<p class=\"content-text__container \" data-track-category=\"Link no Texto\" data-track-links=\"\">\u201cTal como a paz, n\u00e3o haver\u00e1 verdadeira democracia enquanto n\u00e3o se talharem as condi\u00e7\u00f5es para se tornarem aud\u00edveis as vozes das mulheres na pol\u00edtica\u201d.<\/p>\n<\/div>\n<div class=\"mc-column content-text active-extra-styles \" data-block-type=\"unstyled\" data-block-weight=\"29\" data-block-id=\"10\">\n<p class=\"content-text__container \" data-track-category=\"Link no Texto\" data-track-links=\"\">Segundo o ministro, embora representem mais da metade do eleitorado brasileiro, na C\u00e2mara dos Deputados, 9,9% dos parlamentares s\u00e3o mulheres, e elas comandam apenas 11% das prefeituras do pa\u00eds.<\/p>\n<\/div>\n<div class=\"mc-column content-text active-extra-styles \" data-block-type=\"unstyled\" data-block-weight=\"66\" data-block-id=\"11\">\n<p class=\"content-text__container \" data-track-category=\"Link no Texto\" data-track-links=\"\">\u201cOs obst\u00e1culos para efetivar participa\u00e7\u00e3o das mulheres s\u00e3o ainda mais graves caso se tenha em conta de que \u00e9 por meio da participa\u00e7\u00e3o pol\u00edtica que as pr\u00f3prias medidas de desequipara\u00e7\u00e3o s\u00e3o definidas, o que n\u00e3o deixa de ser paradoxal. Qualquer raz\u00e3o que seja utilizada para impedir que as mulheres participem da elabora\u00e7\u00e3o das leis inviabiliza o principal instrumento pelo qual se reduz as desigualdades\u201d, completou Fachin.<\/p>\n<\/div>\n<div class=\"mc-column content-text active-extra-styles \" data-block-type=\"unstyled\" data-block-weight=\"48\" data-block-id=\"14\">\n<p class=\"content-text__container \" data-track-category=\"Link no Texto\" data-track-links=\"\">Os demais ministros seguiram o voto de Fachin. \u201c\u00c9 important\u00edssimo que haja essa equipara\u00e7\u00e3o entre os instrumentos e o percentual definido. \u00c9 obviamente op\u00e7\u00e3o do partido pol\u00edtico apostar em determinados candidatos, distribuir os recursos, desde que respeite a a\u00e7\u00e3o afirmativa por lei\u201d, afirmou o ministro<strong>\u00a0<\/strong>Alexandre de Moraes.<\/p>\n<\/div>\n<div class=\"mc-column content-text active-extra-styles \" data-block-type=\"unstyled\" data-block-weight=\"26\" data-block-id=\"15\">\n<p class=\"content-text__container \" data-track-category=\"Link no Texto\" data-track-links=\"\">A ministra\u00a0Rosa Weber\u00a0disse que \u201ca desigualdade de g\u00eanero no Brasil \u00e9 fruto de uma cultura onde as mulheres n\u00e3o t\u00eam a mesma visibilidade masculina\u201d.<\/p>\n<\/div>\n<div class=\"mc-column content-text active-extra-styles \" data-block-type=\"unstyled\" data-block-weight=\"17\" data-block-id=\"16\">\n<p class=\"content-text__container \" data-track-category=\"Link no Texto\" data-track-links=\"\">O ministro\u00a0Lu\u00eds Roberto Barroso, citando dados sobre a participa\u00e7\u00e3o feminina em cargos p\u00fablicos, defendeu a igualdade.<\/p>\n<\/div>\n<div class=\"mc-column content-text active-extra-styles \" data-block-type=\"unstyled\" data-block-weight=\"30\" data-block-id=\"17\">\n<p class=\"content-text__container \" data-track-category=\"Link no Texto\" data-track-links=\"\">\u201cNos cargos que s\u00e3o providos por m\u00e9rito, por qualifica\u00e7\u00e3o, as mulheres j\u00e1 conquistaram igualdade, at\u00e9 uma ligeira superioridade, mas nos cargos que dependem indica\u00e7\u00e3o pol\u00edtica ainda s\u00e3o minoria expressiva\u201d\u201d, afirmou.<\/p>\n<\/div>\n<div class=\"mc-column content-text active-extra-styles \" data-block-type=\"unstyled\" data-block-weight=\"25\" data-block-id=\"18\">\n<p class=\"content-text__container \" data-track-category=\"Link no Texto\" data-track-links=\"\">Dias Toffoli\u00a0afirmou que a igualdade \u00e9 uma \u201ccl\u00e1usula p\u00e9trea\u201d, portanto, \u201cn\u00e3o cabe ao Congresso alterar essa posi\u00e7\u00e3o a n\u00e3o ser para aprimorar a igualdade\u201d.<\/p>\n<\/div>\n<div class=\"mc-column content-text active-extra-styles \" data-block-type=\"unstyled\" data-block-weight=\"6\" data-block-id=\"19\">\n<p class=\"content-text__container \" data-track-category=\"Link no Texto\" data-track-links=\"\">Luiz Fux, por sua vez, afirmou:<\/p>\n<p class=\"content-text__container \" data-track-category=\"Link no Texto\" data-track-links=\"\">\u201cA falta de oportunidade das mulheres no seio da pol\u00edtica \u00e9 um erro grav\u00edssimo\u201d.<\/p>\n<\/div>\n<div class=\"mc-column content-text active-extra-styles \" data-block-type=\"unstyled\" data-block-weight=\"26\" data-block-id=\"21\">\n<p class=\"content-text__container \" data-track-category=\"Link no Texto\" data-track-links=\"\">Presidente da Corte,\u00a0C\u00e1rmen L\u00facia, acompanhou o voto de Fachin, acrescentando que, embora as mulheres tenham passado a ocupar cargos, o preconceito contra elas continua existindo.<\/p>\n<p class=\"content-text__container \" data-track-category=\"Link no Texto\" data-track-links=\"\">\u201cN\u00e3o \u00e9 fato que as mulheres tenham chegado a uma situa\u00e7\u00e3o nem de aus\u00eancia de preconceito nem de discrimina\u00e7\u00e3o, e somos todas n\u00f3s. Chegamos, sim, a alguns cargos, [mas] nem por isso deixamos de sofrer discrimina\u00e7\u00e3o. Ningu\u00e9m se engane sobre isso\u201d.<\/p>\n<p class=\"content-text__container \" data-track-category=\"Link no Texto\" data-track-links=\"\">Diverg\u00eancia<\/p>\n<\/div>\n<div class=\"mc-column content-text active-extra-styles \" data-block-type=\"unstyled\" data-block-weight=\"26\" data-block-id=\"24\">\n<p class=\"content-text__container \" data-track-category=\"Link no Texto\" data-track-links=\"\">Divergindo em parte, os ministros\u00a0Marco Aur\u00e9lio Mello\u00a0e\u00a0Gilmar Mendes\u00a0entenderam que n\u00e3o poderiam estabelecer o limite de 30% adotado por Fachin, pois significaria legislar.<\/p>\n<\/div>\n<div data-track-category=\"fim do conteudo\" data-track-action=\"ultimo chunk conteudo\" data-track-noninteraction=\"false\" data-track-scroll=\"entrada completa viewport\">\n<div class=\"mc-column content-text active-extra-styles \" data-block-type=\"unstyled\" data-block-weight=\"30\" data-block-id=\"25\">\n<p class=\"content-text__container \" data-track-category=\"Link no Texto\" data-track-links=\"\">\u201cInfelizmente estou diante de um quadro que n\u00e3o me autoriza, considerado o sistema, a atuar como legislador positivo. (\u2026) Me limito ao pedido inicial\u201d, afirmou Marco Aur\u00e9lio Mello, por exemplo.<\/p>\n<p><strong>CARIRI EM A\u00c7\u00c3O<\/strong><\/p>\n<p><em>Com Wscom\/Foto: Reprodu\u00e7\u00e3o google<\/em><\/p>\n<p><strong>Leia mais not\u00edcias em\u00a0<\/strong><a href=\"http:\/\/www.caririemacao.com\/\"><strong>caririemacao.com<\/strong><\/a><strong>, siga nossa p\u00e1gina no\u00a0<\/strong><a href=\"https:\/\/www.facebook.com\/CaririEmAcao\/?ref=aymt_homepage_panel\"><strong>Facebook<\/strong><\/a>,<strong>\u00a0<\/strong><a href=\"https:\/\/www.instagram.com\/cariri_em_acao\/?hl=pt-br\"><strong>Instagram<\/strong><\/a><strong>\u00a0e\u00a0<\/strong><a href=\"https:\/\/www.youtube.com\/channel\/UCAptA0jQuYQy8vMhLt2m4qg\"><strong>Youtube<\/strong><\/a><strong>\u00a0e veja nossas mat\u00e9rias, v\u00eddeos e fotos. Voc\u00ea tamb\u00e9m pode enviar informa\u00e7\u00f5es \u00e0 Reda\u00e7\u00e3o do Portal Cariri em A\u00e7\u00e3o pelo WhatsApp (83) 9 9634.5791, (83) 9 9601-1162.<\/strong><\/p>\n<\/div>\n<\/div>\n","protected":false},"excerpt":{"rendered":"<p>O Supremo Tribunal Federal (STF) derrubou nesta quinta-feira (15), por maioria, o limite estabelecido pelo Congresso Nacional em 2015 para a distribui\u00e7\u00e3o de recursos do&hellip; <\/p>\n","protected":false},"author":2,"featured_media":44424,"comment_status":"closed","ping_status":"closed","sticky":false,"template":"","format":"standard","meta":{"sfsi_plus_gutenberg_text_before_share":"","sfsi_plus_gutenberg_show_text_before_share":"","sfsi_plus_gutenberg_icon_type":"","sfsi_plus_gutenberg_icon_alignemt":"","sfsi_plus_gutenburg_max_per_row":"","footnotes":""},"categories":[11],"tags":[],"class_list":["post-44423","post","type-post","status-publish","format-standard","has-post-thumbnail","hentry","category-politica"],"_links":{"self":[{"href":"https:\/\/www.caririemacao.com\/1\/wp-json\/wp\/v2\/posts\/44423","targetHints":{"allow":["GET"]}}],"collection":[{"href":"https:\/\/www.caririemacao.com\/1\/wp-json\/wp\/v2\/posts"}],"about":[{"href":"https:\/\/www.caririemacao.com\/1\/wp-json\/wp\/v2\/types\/post"}],"author":[{"embeddable":true,"href":"https:\/\/www.caririemacao.com\/1\/wp-json\/wp\/v2\/users\/2"}],"replies":[{"embeddable":true,"href":"https:\/\/www.caririemacao.com\/1\/wp-json\/wp\/v2\/comments?post=44423"}],"version-history":[{"count":0,"href":"https:\/\/www.caririemacao.com\/1\/wp-json\/wp\/v2\/posts\/44423\/revisions"}],"wp:featuredmedia":[{"embeddable":true,"href":"https:\/\/www.caririemacao.com\/1\/wp-json\/wp\/v2\/media\/44424"}],"wp:attachment":[{"href":"https:\/\/www.caririemacao.com\/1\/wp-json\/wp\/v2\/media?parent=44423"}],"wp:term":[{"taxonomy":"category","embeddable":true,"href":"https:\/\/www.caririemacao.com\/1\/wp-json\/wp\/v2\/categories?post=44423"},{"taxonomy":"post_tag","embeddable":true,"href":"https:\/\/www.caririemacao.com\/1\/wp-json\/wp\/v2\/tags?post=44423"}],"curies":[{"name":"wp","href":"https:\/\/api.w.org\/{rel}","templated":true}]}}