{"id":44429,"date":"2018-03-16T09:36:37","date_gmt":"2018-03-16T12:36:37","guid":{"rendered":"http:\/\/caririemacao.com\/1\/?p=44429"},"modified":"2018-03-16T09:36:37","modified_gmt":"2018-03-16T12:36:37","slug":"temer-assina-decreto-que-regulamenta-o-sistema-nacional-da-juventude","status":"publish","type":"post","link":"https:\/\/www.caririemacao.com\/1\/2018\/03\/16\/temer-assina-decreto-que-regulamenta-o-sistema-nacional-da-juventude\/","title":{"rendered":"Temer assina decreto que regulamenta o Sistema Nacional da Juventude"},"content":{"rendered":"<p>O presidente Michel Temer assinou ontem (15) o decreto que regulamenta o Sistema Nacional da Juventude (Sinajuve). O objetivo do sistema \u00e9 criar um modelo de governan\u00e7a no Brasil no que diz respeito a pol\u00edticas p\u00fablicas voltadas para a juventude. O decreto assinado hoje prev\u00ea, dentre outras medidas, divulga\u00e7\u00e3o das iniciativas e a realiza\u00e7\u00e3o de Confer\u00eancias da Juventude a cada quatro anos.<\/p>\n<p>\u201cAo criar esse Sistema Nacional da Juventude, acabamos por assegurar uma abordagem verdadeiramente nacional para os nossos jovens. Ou seja, os \u00f3rg\u00e3os da juventude n\u00e3o est\u00e3o centrados apenas em um pr\u00e9dio aqui em Bras\u00edlia, mas o sistema nacional importa que todo o Brasil se ocupe com a sua juventude. Por isso, a tarefa dos nossos l\u00edderes de divulgar isso intensamente\u201d, disse o presidente Temer na cerim\u00f4nia.<\/p>\n<p>O decreto vai determinar as formas de ades\u00e3o dos estados e munic\u00edpios ao sistema. Para assinar o termo de ades\u00e3o, o ente federado precisa instituir conselho de juventude; elaborar ou adaptar o plano estadual ou municipal de juventude, constru\u00eddo com a participa\u00e7\u00e3o da sociedade civil; ter previs\u00e3o or\u00e7ament\u00e1ria para a implementa\u00e7\u00e3o do plano estadual, distrital ou municipal de juventude; e possuir \u00f3rg\u00e3os estaduais, distritais e municipais respons\u00e1veis pelas pol\u00edticas p\u00fablicas de juventude (Secretaria, Coordena\u00e7\u00e3o ou Departamento de Juventude).<\/p>\n<p>O Secret\u00e1rio Nacional da Juventude, Assis Filho, destacou a import\u00e2ncia da cria\u00e7\u00e3o de pol\u00edticas para os jovens. \u201cEu vim de uma realidade de centenas de jovens desse pa\u00eds, que precisam de a\u00e7\u00f5es do governo para transformar a realidade. [\u2026] Este governo se prop\u00f5e a dialogar com todos os setores da juventude brasileira. Seremos o primeiro pa\u00eds a ter um sistema nacional de juventude. Isso representa um legado para a juventude\u201d, disse.<\/p>\n<p><strong>Basquete<\/strong><\/p>\n<p>A cerim\u00f4nia contou com a participa\u00e7\u00e3o de crian\u00e7as de escolas p\u00fablicas do Distrito Federal e jovens de diferentes organiza\u00e7\u00f5es do pa\u00eds. Houve, inclusive, um momento para uma performance de\u00a0<em>street dance<\/em>. O pr\u00f3prio presidente afirmou que aquela foi uma das solenidades \u201cmais alegres\u201d que j\u00e1 havia participado no Planalto.<\/p>\n<p>Durante o evento, o jogador de basquete W.G., do projeto social Cultura na Cesta, interrompeu a fala do secret\u00e1rio Assis, levantando-se do meio da plateia. Aproximou-se do presidente, segurou sua m\u00e3o. Temer levantou-se da cadeira e W.G. entregou uma bola de basquete girando em cima da caneta para o presidente dizendo \u201cagora voc\u00ea \u00e9 quem est\u00e1 com a caneta\u201d, em alus\u00e3o ao poder \u2013 e responsabilidade \u2013 que Temer tem de tornar poss\u00edveis pol\u00edticas pol\u00edticas p\u00fablicas em prol da juventude e, sobretudo, dos jovens carentes.<\/p>\n<p>A bola continuou girando por alguns segundos, para surpresa do pr\u00f3prio presidente, para logo em seguida se desequilibrar e cair no ch\u00e3o. \u201cA bola caiu, mas eu segurei a caneta. Para assinar todos os atos necess\u00e1rios para o desenvolvimento da juventude\u201d, disse Temer.<\/p>\n<p><strong>Homenagens a Marielle<\/strong><\/p>\n<p>Quem discursou no evento lembrou Marielle Franco, vereadora do Rio de Janeiro\u00a0assassinada ontem\u00a0(14). Em sua fala, a representante da sociedade civil no Conselho Nacional da Juventude, Desire Queiroz dos Santos, classificou Marielle como \u201cuma mulher lutadora, guerreira\u201d e chamou Anderson Gomes, motorista tamb\u00e9m morto no ataque, de \u201cum homem trabalhador\u201d.<\/p>\n<p>Assis Filho lembrou que a vereadora tinha uma plataforma pol\u00edtica baseada na luta pelos direitos humanos e lembrou que jovens negros s\u00e3o mortos todos os dias no pa\u00eds. \u201cMilhares e milhares de Marielles foram assassinadas sem que a imprensa brasileira pudesse noticiar. A cada 23 minutos um jovem negro \u00e9 assassinado no Brasil\u201d, disse o secret\u00e1rio. Antes de seu discurso, Michel Temer pediu um minuto de sil\u00eancio \u201cpor Marielle e por todos que sofreram de viol\u00eancia no nosso pa\u00eds\u201d.<\/p>\n<p><strong>CARIRI EM A\u00c7\u00c3O<\/strong><\/p>\n<p><em>Com Ag\u00eancia Brasil\/Foto: Reprodu\u00e7\u00e3o google<\/em><\/p>\n<p><strong>Leia mais not\u00edcias em\u00a0<\/strong><a href=\"http:\/\/www.caririemacao.com\/\"><strong>caririemacao.com<\/strong><\/a><strong>, siga nossa p\u00e1gina no\u00a0<\/strong><a href=\"https:\/\/www.facebook.com\/CaririEmAcao\/?ref=aymt_homepage_panel\"><strong>Facebook<\/strong><\/a>,<strong>\u00a0<\/strong><a href=\"https:\/\/www.instagram.com\/cariri_em_acao\/?hl=pt-br\"><strong>Instagram<\/strong><\/a><strong>\u00a0e\u00a0<\/strong><a href=\"https:\/\/www.youtube.com\/channel\/UCAptA0jQuYQy8vMhLt2m4qg\"><strong>Youtube<\/strong><\/a><strong>\u00a0e veja nossas mat\u00e9rias, v\u00eddeos e fotos. Voc\u00ea tamb\u00e9m pode enviar informa\u00e7\u00f5es \u00e0 Reda\u00e7\u00e3o do Portal Cariri em A\u00e7\u00e3o pelo WhatsApp (83) 9 9634.5791, (83) 9 9601-1162.<\/strong><\/p>\n","protected":false},"excerpt":{"rendered":"<p>O presidente Michel Temer assinou ontem (15) o decreto que regulamenta o Sistema Nacional da Juventude (Sinajuve). O objetivo do sistema \u00e9 criar um modelo&hellip; <\/p>\n","protected":false},"author":2,"featured_media":44430,"comment_status":"closed","ping_status":"closed","sticky":false,"template":"","format":"standard","meta":{"sfsi_plus_gutenberg_text_before_share":"","sfsi_plus_gutenberg_show_text_before_share":"","sfsi_plus_gutenberg_icon_type":"","sfsi_plus_gutenberg_icon_alignemt":"","sfsi_plus_gutenburg_max_per_row":"","footnotes":""},"categories":[11],"tags":[],"class_list":["post-44429","post","type-post","status-publish","format-standard","has-post-thumbnail","hentry","category-politica"],"_links":{"self":[{"href":"https:\/\/www.caririemacao.com\/1\/wp-json\/wp\/v2\/posts\/44429","targetHints":{"allow":["GET"]}}],"collection":[{"href":"https:\/\/www.caririemacao.com\/1\/wp-json\/wp\/v2\/posts"}],"about":[{"href":"https:\/\/www.caririemacao.com\/1\/wp-json\/wp\/v2\/types\/post"}],"author":[{"embeddable":true,"href":"https:\/\/www.caririemacao.com\/1\/wp-json\/wp\/v2\/users\/2"}],"replies":[{"embeddable":true,"href":"https:\/\/www.caririemacao.com\/1\/wp-json\/wp\/v2\/comments?post=44429"}],"version-history":[{"count":0,"href":"https:\/\/www.caririemacao.com\/1\/wp-json\/wp\/v2\/posts\/44429\/revisions"}],"wp:featuredmedia":[{"embeddable":true,"href":"https:\/\/www.caririemacao.com\/1\/wp-json\/wp\/v2\/media\/44430"}],"wp:attachment":[{"href":"https:\/\/www.caririemacao.com\/1\/wp-json\/wp\/v2\/media?parent=44429"}],"wp:term":[{"taxonomy":"category","embeddable":true,"href":"https:\/\/www.caririemacao.com\/1\/wp-json\/wp\/v2\/categories?post=44429"},{"taxonomy":"post_tag","embeddable":true,"href":"https:\/\/www.caririemacao.com\/1\/wp-json\/wp\/v2\/tags?post=44429"}],"curies":[{"name":"wp","href":"https:\/\/api.w.org\/{rel}","templated":true}]}}