{"id":44432,"date":"2018-03-16T09:40:07","date_gmt":"2018-03-16T12:40:07","guid":{"rendered":"http:\/\/caririemacao.com\/1\/?p=44432"},"modified":"2018-03-16T09:44:18","modified_gmt":"2018-03-16T12:44:18","slug":"aesa-defende-que-suspensao-de-bombeamento-da-transposicao-so-ocorra-em-julho","status":"publish","type":"post","link":"https:\/\/www.caririemacao.com\/1\/2018\/03\/16\/aesa-defende-que-suspensao-de-bombeamento-da-transposicao-so-ocorra-em-julho\/","title":{"rendered":"Aesa defende que suspens\u00e3o de bombeamento da transposi\u00e7\u00e3o s\u00f3 ocorra em julho"},"content":{"rendered":"<p>O presidente da Ag\u00eancia Executiva de Gest\u00e3o das \u00c1guas do Estado da Para\u00edba (Aesa), Jo\u00e3o Fernandes da Silva, vai defender na reuni\u00e3o desta sexta-feira (16) que a\u00a0suspens\u00e3o do bombeamento das \u00e1guas da transposi\u00e7\u00e3o, no Eixo Leste, s\u00f3 tenha in\u00edcio em julho deste ano, ap\u00f3s o inverno na regi\u00e3o do Cariri. O objetivo da interrup\u00e7\u00e3o \u00e9 para que o Minist\u00e9rio da Integra\u00e7\u00e3o Nacional realize obras, nos a\u00e7udes de Po\u00e7\u00f5es e Camala\u00fa.<\/p>\n<p>A reuni\u00e3o ser\u00e1 \u00e0s 10h, na sede do Minist\u00e9rio P\u00fablico Federal, em Jo\u00e3o Pessoa. A pauta \u00e9 para discutir a recomenda\u00e7\u00e3o do MPF de suspens\u00e3o imediata pelo per\u00edodo de quatro meses do bombeamento de \u00e1guas da transposi\u00e7\u00e3o do rio S\u00e3o Francisco para as interven\u00e7\u00f5es no dois a\u00e7udes. Devem participar desta reuni\u00e3o representantes do Minist\u00e9rio da Integra\u00e7\u00e3o, MPF, ANA, Aesa e DNOCS.<\/p>\n<p>\u201cEsta suspens\u00e3o agora \u00e9 equivocada, pois estamos em pleno inverno. A l\u00f3gica \u00e9 esperar passar o inverno e que as obras de recupera\u00e7\u00e3o de Po\u00e7\u00f5es e Camala\u00fa sejam iniciadas em julho, ap\u00f3s o per\u00edodo chuvoso, quando o a\u00e7ude de Boqueir\u00e3o estiver com cerca de 100 milh\u00f5es de metros c\u00fabicos de \u00e1gua\u201d, explicou Fernandes.<\/p>\n<p>Nesta quinta-feira (15), o a\u00e7ude Epit\u00e1cio Pessoa, em Boqueir\u00e3o, acumulava 67,7 milh\u00f5es de m\u00b3, o equivalente a 16,46% de sua capacidade. Apesar de defender o adiamento da suspens\u00e3o do bombeamento, o presidente da Aesa disse que se a interrup\u00e7\u00e3o come\u00e7ar imediatamente Campina Grande e mais 18 munic\u00edpios n\u00e3o correm o risco de entrar em colapso. \u201cO volume hoje em Boqueir\u00e3o \u00e9 suficiente para abastecer as cidades por mais de seis meses\u201d, afirmou Jo\u00e3o.<\/p>\n<h4><em>Nota do Minist\u00e9rio<\/em><\/h4>\n<p><em>O Minist\u00e9rio da Integra\u00e7\u00e3o Nacional divulgou uma nota, na quarta-feira (14), afirmando que vai acatar e seguir as recomenda\u00e7\u00f5es do Minist\u00e9rio P\u00fablico Federal (MPF), em Monteiro, e suspender o bombeamento das \u00e1guas da transposi\u00e7\u00e3o no Eixo Leste.<\/em><\/p>\n<p><em>A procuradora da Rep\u00fablica, Janaina Andrade, recomendou ainda ao Departamento Nacional de Obras Contra as Secas (Dnocs) que t\u00e3o logo haja a descontinuidade da \u00e1gua ou a redu\u00e7\u00e3o da vaz\u00e3o de bombeamento atualmente fornecida, retome as obras de recupera\u00e7\u00e3o dos a\u00e7udes, inclusive as adequa\u00e7\u00f5es para a execu\u00e7\u00e3o da tomada suplementar de \u00e1gua, com o devido controle do fluxo.<\/em><\/p>\n<p><em>De acordo com o coordenador do DNOCS na Para\u00edba, Alberto Gomes, a suspens\u00e3o do bombeamento \u00e9 essencial para que as \u00e1guas do S\u00e3o Francisco cheguem em Boqueir\u00e3o de forma segura. \u201c\u00c9 necess\u00e1rio dar uma paralisada no bombeamento para que tenhamos uma seguran\u00e7a h\u00eddrica comprovada. Essa obra deve durar cerca de 120 dias\u201d, pontuou o coordenador.<\/em><\/p>\n<p><strong>CARIRI EM A\u00c7\u00c3O<\/strong><\/p>\n<p><em>Com Jornal da Para\u00edba\/Foto: Reprodu\u00e7\u00e3o google<\/em><\/p>\n<p><strong>Leia mais not\u00edcias em\u00a0<\/strong><a href=\"http:\/\/www.caririemacao.com\/\"><strong>caririemacao.com<\/strong><\/a><strong>, siga nossa p\u00e1gina no\u00a0<\/strong><a href=\"https:\/\/www.facebook.com\/CaririEmAcao\/?ref=aymt_homepage_panel\"><strong>Facebook<\/strong><\/a>,<strong>\u00a0<\/strong><a href=\"https:\/\/www.instagram.com\/cariri_em_acao\/?hl=pt-br\"><strong>Instagram<\/strong><\/a><strong>\u00a0e\u00a0<\/strong><a href=\"https:\/\/www.youtube.com\/channel\/UCAptA0jQuYQy8vMhLt2m4qg\"><strong>Youtube<\/strong><\/a><strong>\u00a0e veja nossas mat\u00e9rias, v\u00eddeos e fotos. Voc\u00ea tamb\u00e9m pode enviar informa\u00e7\u00f5es \u00e0 Reda\u00e7\u00e3o do Portal Cariri em A\u00e7\u00e3o pelo WhatsApp (83) 9 9634.5791, (83) 9 9601-1162.<\/strong><\/p>\n","protected":false},"excerpt":{"rendered":"<p>O presidente da Ag\u00eancia Executiva de Gest\u00e3o das \u00c1guas do Estado da Para\u00edba (Aesa), Jo\u00e3o Fernandes da Silva, vai defender na reuni\u00e3o desta sexta-feira (16)&hellip; <\/p>\n","protected":false},"author":2,"featured_media":44438,"comment_status":"closed","ping_status":"closed","sticky":false,"template":"","format":"standard","meta":{"sfsi_plus_gutenberg_text_before_share":"","sfsi_plus_gutenberg_show_text_before_share":"","sfsi_plus_gutenberg_icon_type":"","sfsi_plus_gutenberg_icon_alignemt":"","sfsi_plus_gutenburg_max_per_row":"","footnotes":""},"categories":[6],"tags":[],"class_list":["post-44432","post","type-post","status-publish","format-standard","has-post-thumbnail","hentry","category-cidades"],"_links":{"self":[{"href":"https:\/\/www.caririemacao.com\/1\/wp-json\/wp\/v2\/posts\/44432","targetHints":{"allow":["GET"]}}],"collection":[{"href":"https:\/\/www.caririemacao.com\/1\/wp-json\/wp\/v2\/posts"}],"about":[{"href":"https:\/\/www.caririemacao.com\/1\/wp-json\/wp\/v2\/types\/post"}],"author":[{"embeddable":true,"href":"https:\/\/www.caririemacao.com\/1\/wp-json\/wp\/v2\/users\/2"}],"replies":[{"embeddable":true,"href":"https:\/\/www.caririemacao.com\/1\/wp-json\/wp\/v2\/comments?post=44432"}],"version-history":[{"count":0,"href":"https:\/\/www.caririemacao.com\/1\/wp-json\/wp\/v2\/posts\/44432\/revisions"}],"wp:featuredmedia":[{"embeddable":true,"href":"https:\/\/www.caririemacao.com\/1\/wp-json\/wp\/v2\/media\/44438"}],"wp:attachment":[{"href":"https:\/\/www.caririemacao.com\/1\/wp-json\/wp\/v2\/media?parent=44432"}],"wp:term":[{"taxonomy":"category","embeddable":true,"href":"https:\/\/www.caririemacao.com\/1\/wp-json\/wp\/v2\/categories?post=44432"},{"taxonomy":"post_tag","embeddable":true,"href":"https:\/\/www.caririemacao.com\/1\/wp-json\/wp\/v2\/tags?post=44432"}],"curies":[{"name":"wp","href":"https:\/\/api.w.org\/{rel}","templated":true}]}}