{"id":44440,"date":"2018-03-16T09:58:44","date_gmt":"2018-03-16T12:58:44","guid":{"rendered":"http:\/\/caririemacao.com\/1\/?p=44440"},"modified":"2018-03-16T09:58:44","modified_gmt":"2018-03-16T12:58:44","slug":"maia-diz-que-nao-esta-se-lancando-para-negociar-vice-do-psdb","status":"publish","type":"post","link":"https:\/\/www.caririemacao.com\/1\/2018\/03\/16\/maia-diz-que-nao-esta-se-lancando-para-negociar-vice-do-psdb\/","title":{"rendered":"Maia diz que n\u00e3o est\u00e1 se lan\u00e7ando para negociar vice do PSDB"},"content":{"rendered":"<p><span class=\"news_capital_letter\">E<\/span>m seu primeiro evento oficial da pr\u00e9-candidatura \u00e0 Presid\u00eancia da Rep\u00fablica, o presidente da C\u00e2mara, Rodrigo Maia (DEM-RJ), disse na \u00faltima quinta-feira (15) que n\u00e3o est\u00e1 se lan\u00e7ando ao Pal\u00e1cio do Planalto para negociar a vice na chapa de Geraldo Alckmin (PSDB-SP), seu atual advers\u00e1rio.<\/p>\n<p>&#8220;Dizem &#8216;ele est\u00e1 jogando para negociar&#8217;. A candidatura \u00e0 Vice-Presid\u00eancia do PSDB eu tenho quase certeza que hoje seria nossa. A garantia do apoio para presidente da C\u00e2mara eu acho que n\u00e3o seria uma coisa muito dif\u00edcil hoje. Ent\u00e3o, por que eu estou querendo negociar se eu estou me colocando como pr\u00e9-candidato?&#8221;, disse Maia para uma plateia de empres\u00e1rios e pol\u00edticos paraibanos nesta noite.<\/p>\n<p>Em um restaurante italiano em Jo\u00e3o Pessoa, Maia falou para cerca de 50 pessoas, entre as quais o l\u00edder do governo Michel Temer na C\u00e2mara, Aguinaldo Ribeiro (PP-PB).<\/p>\n<p>Ribeiro justificou sua presen\u00e7a como representante da bancada paraibana.<\/p>\n<p>&#8220;Rodrigo se apresenta como op\u00e7\u00e3o que, sem d\u00favida nenhuma, merece ser refletida por todos os brasileiros&#8221;, afirmou o l\u00edder do governo no jantar acompanhado pela reportagem.<\/p>\n<p>Embora Maia tenha dito que disputar\u00e1 com Temer &#8220;at\u00e9 o fim&#8221;, caso o emedebista tente a reelei\u00e7\u00e3o, o Pal\u00e1cio do Planalto ainda n\u00e3o definiu quem ser\u00e1 seu candidato, e o nome de Maia n\u00e3o foi descartado.<\/p>\n<p>Na \u00fanica declara\u00e7\u00e3o mais cr\u00edtica ao governo, o presidente da C\u00e2mara disse ter questionado a Fazenda sobre quanto seria colocado na interven\u00e7\u00e3o federal no Rio de Janeiro e n\u00e3o obteve resposta.<\/p>\n<p>O Minist\u00e9rio da Fazenda \u00e9 comandado por Henrique Meirelles, que tamb\u00e9m tenta viabilizar sua candidatura \u00e0 Presid\u00eancia com apoio do governo.<\/p>\n<p>DISCURSO<\/p>\n<p>Depois de ser alvo de protesto ao presidir sess\u00e3o solene na C\u00e2mara em homenagem a Marielle Franco (PSOL), vereadora da capital de seu estado, e do motorista Anderson Pedro Gomes, mortos na quarta-feira (14), no Rio de Janeiro, Maia iniciou a sua fala dizendo esperar &#8220;respostas r\u00e1pidas&#8221; para o crime.<\/p>\n<p>Em pouco mais de 24 minutos de discurso, Maia defendeu a revis\u00e3o do gasto p\u00fablico e da burocracia do Estado brasileiro e falou da necessidade de garantir seguran\u00e7a jur\u00eddica aos empres\u00e1rios.<\/p>\n<p>Aos paraibanos, Maia falou pela primeira vez de sua proposta de um projeto para complementar o Bolsa Fam\u00edlia.<\/p>\n<p>Como a Folha de S. Paulo mostrou no in\u00edcio do m\u00eas, a ideia \u00e9 remunerar beneficiados pelo Bolsa Fam\u00edlia pela mobilidade social e educacional.<\/p>\n<p>AGENDA<\/p>\n<p>Nesta sexta-feira (16), Maia toma caf\u00e9 da manh\u00e3 com jornalistas em Jo\u00e3o Pessoa e depois segue de jatinho para Catol\u00e9 do Rocha, cidade de seu bisav\u00f4 paterno.<\/p>\n<p>O munic\u00edpio fica a 414 km da capital e tem 30 mil habitantes.<\/p>\n<p>Governada por primos de Rodrigo Maia, a cidade tinha, em 2015, apenas 12,7% de sua popula\u00e7\u00e3o ocupada, segundo os dados mais recentes do IBGE.<\/p>\n<p>O prefeito, Leomar Ben\u00edcio Maia (PTB), est\u00e1 de licen\u00e7a m\u00e9dica. Por isso, o primo que tenta se cacifar para a disputa presidencial ser\u00e1 recebido pelo vice, Laurinho Maia (DEM).<\/p>\n<p>Na munic\u00edpio que tem apenas 37,6% de domic\u00edlios com esgotamento sanit\u00e1rio adequado, Maia deve conhecer a prefeitura, unidades de sa\u00fade, pra\u00e7as e, depois, vai para a fazenda de Laurinho para um almo\u00e7o em fam\u00edlia.<\/p>\n<p>Apesar do dom\u00ednio da fam\u00edlia Maia, Catol\u00e9 do Rocha segue a tradi\u00e7\u00e3o nordestina de apoiar o PT. Nas \u00faltimas quatro elei\u00e7\u00f5es presidenciais, Luiz In\u00e1cio Lula da Silva e Dilma Rousseff venceram no munic\u00edpio.<\/p>\n<p>&#8220;[O PT] vem tendo um desgaste com tudo o que vem acontecendo. As pessoas vem se tornando mais esclarecidas e veem que surgiu um nome novo, um nome limpo, que \u00e9 Rodrigo Maia&#8221;, defende o primo e prefeito em exerc\u00edcio.<\/p>\n<p>Ao ser lembrado que o presidente da C\u00e2mara \u00e9 um dos alvos da Lava Jato sob o codinome de Botafogo, Laurinho disse n\u00e3o ter condi\u00e7\u00f5es de opinar.<\/p>\n<p>&#8220;N\u00e3o tenho conhecimento profundo disso, portanto, n\u00e3o posso fazer coment\u00e1rio.&#8221;<\/p>\n<p>Depois de Catol\u00e9, Maia ter\u00e1 a primeira agenda de sua pr\u00e9-campanha com contato popular. Visitar\u00e1 uma feira de redes no munic\u00edpio vizinho de S\u00e3o Bento (PB).<\/p>\n<p>At\u00e9 segunda-feira (19) ele deve ir ao Rio de Janeiro e a Minas Gerais. Com informa\u00e7\u00f5es da Folhapress.<\/p>\n<p><strong>CARIRI EM A\u00c7\u00c3O<\/strong><\/p>\n<p><em>Com Folhapress\/Foto: Reprodu\u00e7\u00e3o Internet<\/em><\/p>\n<p><strong>Leia mais not\u00edcias em\u00a0<\/strong><a href=\"http:\/\/www.caririemacao.com\/\"><strong>caririemacao.com<\/strong><\/a><strong>, siga nossa p\u00e1gina no\u00a0<\/strong><a href=\"https:\/\/www.facebook.com\/CaririEmAcao\/?ref=aymt_homepage_panel\"><strong>Facebook<\/strong><\/a>,<strong>\u00a0<\/strong><a href=\"https:\/\/www.instagram.com\/cariri_em_acao\/?hl=pt-br\"><strong>Instagram<\/strong><\/a><strong>\u00a0e\u00a0<\/strong><a href=\"https:\/\/www.youtube.com\/channel\/UCAptA0jQuYQy8vMhLt2m4qg\"><strong>Youtube<\/strong><\/a><strong>\u00a0e veja nossas mat\u00e9rias, v\u00eddeos e fotos. Voc\u00ea tamb\u00e9m pode enviar informa\u00e7\u00f5es \u00e0 Reda\u00e7\u00e3o do Portal Cariri em A\u00e7\u00e3o pelo WhatsApp (83) 9 9634.5791, (83) 9 9601-1162.<\/strong><\/p>\n","protected":false},"excerpt":{"rendered":"<p>Em seu primeiro evento oficial da pr\u00e9-candidatura \u00e0 Presid\u00eancia da Rep\u00fablica, o presidente da C\u00e2mara, Rodrigo Maia (DEM-RJ), disse na \u00faltima quinta-feira (15) que n\u00e3o&hellip; <\/p>\n","protected":false},"author":2,"featured_media":44441,"comment_status":"closed","ping_status":"closed","sticky":false,"template":"","format":"standard","meta":{"sfsi_plus_gutenberg_text_before_share":"","sfsi_plus_gutenberg_show_text_before_share":"","sfsi_plus_gutenberg_icon_type":"","sfsi_plus_gutenberg_icon_alignemt":"","sfsi_plus_gutenburg_max_per_row":"","footnotes":""},"categories":[1],"tags":[],"class_list":["post-44440","post","type-post","status-publish","format-standard","has-post-thumbnail","hentry","category-o-site"],"_links":{"self":[{"href":"https:\/\/www.caririemacao.com\/1\/wp-json\/wp\/v2\/posts\/44440","targetHints":{"allow":["GET"]}}],"collection":[{"href":"https:\/\/www.caririemacao.com\/1\/wp-json\/wp\/v2\/posts"}],"about":[{"href":"https:\/\/www.caririemacao.com\/1\/wp-json\/wp\/v2\/types\/post"}],"author":[{"embeddable":true,"href":"https:\/\/www.caririemacao.com\/1\/wp-json\/wp\/v2\/users\/2"}],"replies":[{"embeddable":true,"href":"https:\/\/www.caririemacao.com\/1\/wp-json\/wp\/v2\/comments?post=44440"}],"version-history":[{"count":0,"href":"https:\/\/www.caririemacao.com\/1\/wp-json\/wp\/v2\/posts\/44440\/revisions"}],"wp:featuredmedia":[{"embeddable":true,"href":"https:\/\/www.caririemacao.com\/1\/wp-json\/wp\/v2\/media\/44441"}],"wp:attachment":[{"href":"https:\/\/www.caririemacao.com\/1\/wp-json\/wp\/v2\/media?parent=44440"}],"wp:term":[{"taxonomy":"category","embeddable":true,"href":"https:\/\/www.caririemacao.com\/1\/wp-json\/wp\/v2\/categories?post=44440"},{"taxonomy":"post_tag","embeddable":true,"href":"https:\/\/www.caririemacao.com\/1\/wp-json\/wp\/v2\/tags?post=44440"}],"curies":[{"name":"wp","href":"https:\/\/api.w.org\/{rel}","templated":true}]}}