{"id":44446,"date":"2018-03-16T10:19:57","date_gmt":"2018-03-16T13:19:57","guid":{"rendered":"http:\/\/caririemacao.com\/1\/?p=44446"},"modified":"2018-03-16T10:19:57","modified_gmt":"2018-03-16T13:19:57","slug":"deputado-wellington-roberto-recebe-a-adesao-de-mais-um-vereador-de-monteiro","status":"publish","type":"post","link":"https:\/\/www.caririemacao.com\/1\/2018\/03\/16\/deputado-wellington-roberto-recebe-a-adesao-de-mais-um-vereador-de-monteiro\/","title":{"rendered":"Deputado Wellington Roberto recebe a ades\u00e3o de mais um vereador de Monteiro"},"content":{"rendered":"<p>O deputado federal Wellington Roberto (PR), recebeu a ades\u00e3o de mais um vereador ao seu projeto pol\u00edtico. Trata-se do vereador Cour\u00e3o da Carrocinha, eleito pelo PHS com 784 votos.<\/p>\n<p>A informa\u00e7\u00e3o foi confirmada pelo pr\u00f3prio vereador ap\u00f3s a sess\u00e3o ordin\u00e1ria na quinta-feira, 15, na C\u00e2mara Municipal de Monteiro.<\/p>\n<p>Cour\u00e3o tamb\u00e9m confirmou apoio \u00e0 reelei\u00e7\u00e3o do deputado estadual Jo\u00e3o Henrique.<\/p>\n<p>Em Monteiro, Wellington j\u00e1 conta com o apoio da prefeita Anna Lorena, e dos vereadores Bero de Bertino, Caj\u00f3 Menezes, Sandro da Impueira Funda, Toinho de Nequinho e Raul Formiga.<\/p>\n<p>Informa\u00e7\u00f5es de bastidores d\u00e3o conta que nos pr\u00f3ximos dias Wellington dever\u00e1 receber novas ades\u00f5es ao seu projeto de reelei\u00e7\u00e3o.<\/p>\n<p><strong>CARIRI EM A\u00c7\u00c3O<\/strong><\/p>\n<p><em>Com Vitrine do Cariri\/Foto: Reprodu\u00e7\u00e3o Internet<\/em><\/p>\n<p><strong>Leia mais not\u00edcias em\u00a0<\/strong><a href=\"http:\/\/www.caririemacao.com\/\"><strong>caririemacao.com<\/strong><\/a><strong>, siga nossa p\u00e1gina no\u00a0<\/strong><a href=\"https:\/\/www.facebook.com\/CaririEmAcao\/?ref=aymt_homepage_panel\"><strong>Facebook<\/strong><\/a>,<strong>\u00a0<\/strong><a href=\"https:\/\/www.instagram.com\/cariri_em_acao\/?hl=pt-br\"><strong>Instagram<\/strong><\/a><strong>\u00a0e\u00a0<\/strong><a href=\"https:\/\/www.youtube.com\/channel\/UCAptA0jQuYQy8vMhLt2m4qg\"><strong>Youtube<\/strong><\/a><strong>\u00a0e veja nossas mat\u00e9rias, v\u00eddeos e fotos. Voc\u00ea tamb\u00e9m pode enviar informa\u00e7\u00f5es \u00e0 Reda\u00e7\u00e3o do Portal Cariri em A\u00e7\u00e3o pelo WhatsApp (83) 9 9634.5791, (83) 9 9601-1162.<\/strong><\/p>\n","protected":false},"excerpt":{"rendered":"<p>O deputado federal Wellington Roberto (PR), recebeu a ades\u00e3o de mais um vereador ao seu projeto pol\u00edtico. Trata-se do vereador Cour\u00e3o da Carrocinha, eleito pelo&hellip; <\/p>\n","protected":false},"author":2,"featured_media":44447,"comment_status":"closed","ping_status":"closed","sticky":false,"template":"","format":"standard","meta":{"sfsi_plus_gutenberg_text_before_share":"","sfsi_plus_gutenberg_show_text_before_share":"","sfsi_plus_gutenberg_icon_type":"","sfsi_plus_gutenberg_icon_alignemt":"","sfsi_plus_gutenburg_max_per_row":"","footnotes":""},"categories":[1],"tags":[],"class_list":["post-44446","post","type-post","status-publish","format-standard","has-post-thumbnail","hentry","category-o-site"],"_links":{"self":[{"href":"https:\/\/www.caririemacao.com\/1\/wp-json\/wp\/v2\/posts\/44446","targetHints":{"allow":["GET"]}}],"collection":[{"href":"https:\/\/www.caririemacao.com\/1\/wp-json\/wp\/v2\/posts"}],"about":[{"href":"https:\/\/www.caririemacao.com\/1\/wp-json\/wp\/v2\/types\/post"}],"author":[{"embeddable":true,"href":"https:\/\/www.caririemacao.com\/1\/wp-json\/wp\/v2\/users\/2"}],"replies":[{"embeddable":true,"href":"https:\/\/www.caririemacao.com\/1\/wp-json\/wp\/v2\/comments?post=44446"}],"version-history":[{"count":0,"href":"https:\/\/www.caririemacao.com\/1\/wp-json\/wp\/v2\/posts\/44446\/revisions"}],"wp:featuredmedia":[{"embeddable":true,"href":"https:\/\/www.caririemacao.com\/1\/wp-json\/wp\/v2\/media\/44447"}],"wp:attachment":[{"href":"https:\/\/www.caririemacao.com\/1\/wp-json\/wp\/v2\/media?parent=44446"}],"wp:term":[{"taxonomy":"category","embeddable":true,"href":"https:\/\/www.caririemacao.com\/1\/wp-json\/wp\/v2\/categories?post=44446"},{"taxonomy":"post_tag","embeddable":true,"href":"https:\/\/www.caririemacao.com\/1\/wp-json\/wp\/v2\/tags?post=44446"}],"curies":[{"name":"wp","href":"https:\/\/api.w.org\/{rel}","templated":true}]}}