{"id":44452,"date":"2018-03-16T12:43:28","date_gmt":"2018-03-16T15:43:28","guid":{"rendered":"http:\/\/caririemacao.com\/1\/?p=44452"},"modified":"2018-03-16T12:43:28","modified_gmt":"2018-03-16T15:43:28","slug":"prefeitura-de-sume-desmente-noticia-de-radio-alternativa-fm-e-site-o-pipoco","status":"publish","type":"post","link":"https:\/\/www.caririemacao.com\/1\/2018\/03\/16\/prefeitura-de-sume-desmente-noticia-de-radio-alternativa-fm-e-site-o-pipoco\/","title":{"rendered":"Prefeitura de Sum\u00e9 desmente not\u00edcia de R\u00e1dio Alternativa FM e Site o Pipoco"},"content":{"rendered":"<p>A Prefeitura de Sum\u00e9, representada pelo prefeito \u00c9den Duarte, vem a p\u00fablico repudiar e desmentir as inverdades lan\u00e7adas, uma pr\u00e1tica contumaz, da R\u00e1dio Alternativa FM Sum\u00e9 e reproduzidas pelo site O Pipoco, no \u00faltimo dia 14 de mar\u00e7o, dando conta de que a Prefeitura de Sum\u00e9 n\u00e3o est\u00e1 disponibilizando transporte para os estudantes universit\u00e1rios.<\/p>\n<p>Todos os munic\u00edpios t\u00eam por obriga\u00e7\u00e3o gerir e custar o ensino fundamental e a educa\u00e7\u00e3o infantil, conforme determina a Constitui\u00e7\u00e3o Federal em seu Artigo 211, \u00a7 2\u00b0, contudo, o Poder Executivo Municipal nunca deixou de apoiar e incentivar o ensino universit\u00e1rio, muito menos os seus estudantes.<\/p>\n<p>\u00c9 mentirosa a not\u00edcia de ambos os ve\u00edculos de comunica\u00e7\u00e3o citados acima quando diz que o prefeito \u00c9den est\u00e1 fechando as portas para estes estudantes.<\/p>\n<p>1\u00b0 A Prefeitura de Sum\u00e9, disponibiliza um \u00f4nibus novo e confort\u00e1vel, tipo rodovi\u00e1rio, para os estudantes universit\u00e1rios que trafegam para Campina Grande. Seguramente \u00e9 um dos \u00f4nibus mais confort\u00e1veis do Estado da Para\u00edba destinado \u00e0 esta finalidade;<\/p>\n<p>2\u00b0 A Prefeitura de Sum\u00e9 custeia para estes estudantes 70% do combust\u00edvel do \u00f4nibus e ainda disponibiliza um motorista para o transporte e realiza a manuten\u00e7\u00e3o do ve\u00edculo;<\/p>\n<p>3\u00b0 A Prefeitura ainda disponibiliza mais dois \u00f4nibus diariamente para os estudantes da Universidade Estadual da Para\u00edba (UEPB), que trafegam de Sum\u00e9 para Monteiro;<\/p>\n<p>4\u00b0 O prefeito \u00c9den nunca chegou a usufruir do novo \u00f4nibus universit\u00e1rio que vai para Campina Grande, pois, quando o novo \u00f4nibus foi adquirido, o prefeito j\u00e1 havia conclu\u00eddo os seus estudos na cidade de Campina Grande;<\/p>\n<p>5\u00b0 O Poder Executivo n\u00e3o est\u00e1 fechando escolas, pelo contr\u00e1rio, est\u00e1 organizando o processo de nuclea\u00e7\u00e3o de escolas da zona rural, como uma corre\u00e7\u00e3o de rumo na educa\u00e7\u00e3o, pois o modelo de escolas multiseriadas tem se tornado obsoleto, ineficiente e caro para os cofres p\u00fablicos;<\/p>\n<p>6\u00b0 O prefeito \u00c9den estar\u00e1 sim, nos pr\u00f3ximos dias, inaugurando novas escolas no munic\u00edpio, a exemplo da Creche Anita Garibaldi Mendon\u00e7a Raphael e das novas e modernas instala\u00e7\u00f5es da Escola Maria Leite Rafael, entregando respectivamente, uma no dia 19 de mar\u00e7o e outra no anivers\u00e1rio da cidade, em 1\u00b0 de abril.<\/p>\n<p>\u00c9 fato que no ano de 2018, o n\u00famero de alunos que trafegam para Campina Grande tem aumentado, n\u00e3o comportando mais o transporte de todos num \u00fanico \u00f4nibus disponibilizado pela Prefeitura.<\/p>\n<p>O secret\u00e1rio da Educa\u00e7\u00e3o, Odilon Ara\u00fajo, j\u00e1 esteve reunido com a comiss\u00e3o representativa dos estudantes e explicou que a Prefeitura n\u00e3o poder\u00e1 ir mais al\u00e9m do que j\u00e1 ajuda. Na reuni\u00e3o, o secret\u00e1rio apresentou sugest\u00f5es aos universit\u00e1rios de como resolver o problema, dando como exemplo, a pr\u00f3pria experi\u00eancia vivida por ele no transporte, quando era estudante universit\u00e1rio em Campina Grande.<\/p>\n<p>Tamb\u00e9m \u00e9 fato que vivemos a era das <em>fake news<\/em> (not\u00edcias falsas), um tipo de \u201cimprensa marrom\u201d que consiste na distribui\u00e7\u00e3o deliberada de conte\u00fados enganosos e falsos via m\u00eddia online, impressa, r\u00e1dio e televis\u00e3o.<\/p>\n<p>Tal conduta, praticada amplamente por estes dois ve\u00edculos (R\u00e1dio Alternativa FM Sum\u00e9 e site O Pipoco) divulgam as <em>fake news<\/em> com o intuito de enganar a todos, a fim de obter ganhos pol\u00edticos, encontrando muitas vezes nos opositores ao governo, o apoio necess\u00e1rio para difundir a cal\u00fania posta na rede.<\/p>\n<p>Por fim, \u00e9 preciso estarmos sempre atentos e combatendo este tipo de \u201cimprensa marrom\u201d, esta que preferir\u00e1 sempre o alarido, pouco importando se o que veicula \u00e9 verdade ou mentira.<\/p>\n<p>Prefeitura Municipal de Sum\u00e9<\/p>\n<p><strong>CARIRI EM A\u00c7\u00c3O<\/strong><\/p>\n<p><em>Com <\/em>Assessoria de Imprensa<\/p>\n<p><strong>Leia mais not\u00edcias em\u00a0<\/strong><a href=\"http:\/\/www.caririemacao.com\/\"><strong>caririemacao.com<\/strong><\/a><strong>, siga nossa p\u00e1gina no\u00a0<\/strong><a href=\"https:\/\/www.facebook.com\/CaririEmAcao\/?ref=aymt_homepage_panel\"><strong>Facebook<\/strong><\/a>,<strong>\u00a0<\/strong><a href=\"https:\/\/www.instagram.com\/cariri_em_acao\/?hl=pt-br\"><strong>Instagram<\/strong><\/a><strong>\u00a0e\u00a0<\/strong><a href=\"https:\/\/www.youtube.com\/channel\/UCAptA0jQuYQy8vMhLt2m4qg\"><strong>Youtube<\/strong><\/a><strong>\u00a0e veja nossas mat\u00e9rias, v\u00eddeos e fotos. Voc\u00ea tamb\u00e9m pode enviar informa\u00e7\u00f5es \u00e0 Reda\u00e7\u00e3o do Portal Cariri em A\u00e7\u00e3o pelo WhatsApp (83) 9 9634.5791, (83) 9 9601-1162.<\/strong><\/p>\n","protected":false},"excerpt":{"rendered":"<p>A Prefeitura de Sum\u00e9, representada pelo prefeito \u00c9den Duarte, vem a p\u00fablico repudiar e desmentir as inverdades lan\u00e7adas, uma pr\u00e1tica contumaz, da R\u00e1dio Alternativa FM&hellip; <\/p>\n","protected":false},"author":2,"featured_media":44453,"comment_status":"closed","ping_status":"closed","sticky":false,"template":"","format":"standard","meta":{"sfsi_plus_gutenberg_text_before_share":"","sfsi_plus_gutenberg_show_text_before_share":"","sfsi_plus_gutenberg_icon_type":"","sfsi_plus_gutenberg_icon_alignemt":"","sfsi_plus_gutenburg_max_per_row":"","footnotes":""},"categories":[2],"tags":[],"class_list":["post-44452","post","type-post","status-publish","format-standard","has-post-thumbnail","hentry","category-geral"],"_links":{"self":[{"href":"https:\/\/www.caririemacao.com\/1\/wp-json\/wp\/v2\/posts\/44452","targetHints":{"allow":["GET"]}}],"collection":[{"href":"https:\/\/www.caririemacao.com\/1\/wp-json\/wp\/v2\/posts"}],"about":[{"href":"https:\/\/www.caririemacao.com\/1\/wp-json\/wp\/v2\/types\/post"}],"author":[{"embeddable":true,"href":"https:\/\/www.caririemacao.com\/1\/wp-json\/wp\/v2\/users\/2"}],"replies":[{"embeddable":true,"href":"https:\/\/www.caririemacao.com\/1\/wp-json\/wp\/v2\/comments?post=44452"}],"version-history":[{"count":0,"href":"https:\/\/www.caririemacao.com\/1\/wp-json\/wp\/v2\/posts\/44452\/revisions"}],"wp:featuredmedia":[{"embeddable":true,"href":"https:\/\/www.caririemacao.com\/1\/wp-json\/wp\/v2\/media\/44453"}],"wp:attachment":[{"href":"https:\/\/www.caririemacao.com\/1\/wp-json\/wp\/v2\/media?parent=44452"}],"wp:term":[{"taxonomy":"category","embeddable":true,"href":"https:\/\/www.caririemacao.com\/1\/wp-json\/wp\/v2\/categories?post=44452"},{"taxonomy":"post_tag","embeddable":true,"href":"https:\/\/www.caririemacao.com\/1\/wp-json\/wp\/v2\/tags?post=44452"}],"curies":[{"name":"wp","href":"https:\/\/api.w.org\/{rel}","templated":true}]}}