{"id":44455,"date":"2018-03-16T21:08:06","date_gmt":"2018-03-17T00:08:06","guid":{"rendered":"http:\/\/caririemacao.com\/1\/?p=44455"},"modified":"2018-03-16T21:10:26","modified_gmt":"2018-03-17T00:10:26","slug":"prefeito-de-caraubas-renegocia-debito-com-a-cagepa-de-exercicios-anteriores","status":"publish","type":"post","link":"https:\/\/www.caririemacao.com\/1\/2018\/03\/16\/prefeito-de-caraubas-renegocia-debito-com-a-cagepa-de-exercicios-anteriores\/","title":{"rendered":"Prefeito de Cara\u00fabas renegocia d\u00e9bito com a Cagepa de exerc\u00edcios anteriores"},"content":{"rendered":"<div>Em reuni\u00e3o realizada na \u00faltima quarta-feira, dia 14, na presid\u00eancia da CAGEPA, na cidade de Jo\u00e3o Pessoa, o prefeito Silvano Dudu acompanhado do secret\u00e1rio do Planejamento, jornalista Eduardo Belo, foram tomados de surpresa com um d\u00e9bito existente do munic\u00edpio com aquela empresa no montante de quase R$ 15.000,00 (Quinze Mil Reais) oriundos de gest\u00f5es anteriores.<\/div>\n<div>De acordo com o prefeito, s\u00f3 foi poss\u00edvel descobrir o d\u00e9bito porque protocolamos o projeto de Reforma do Mercado P\u00fablico Manoel Clementino Neves na GIGOV\/CEF, que solicitou uma declara\u00e7\u00e3o de viabilidade do fornecimento do abastecimento d\u2019\u00e1gua para o empreendimento, argumentou ele. Em contato com o gerente de cobran\u00e7a da companhia, Dalman Jodafe Nunes Fernandes, o d\u00e9bito existente s\u00e3o dos exerc\u00edcios anteriores, principalmente, dos anos de 2005 a 2016, conforme relat\u00f3rio entregue por ocasi\u00e3o da presente demanda.<\/div>\n<div>O prefeito inclusive j\u00e1 autorizou a quita\u00e7\u00e3o do d\u00e9bito dos exerc\u00edcios de 2015 e 2016, no valor de mais de R$ 4.000,00 (quatro Mil Reais), parcelando os demais dos exerc\u00edcios anteriores. O prefeito Silvano Dudu, afirmou das dificuldades encontradas pela atual gest\u00e3o, mas que n\u00e3o medir\u00e1 esfor\u00e7os para beneficiar toda popula\u00e7\u00e3o caraubense com importantes obras de infraestrutura e que servir\u00e1 a toda cidade.<\/div>\n<div>Encaminharemos ao setor jur\u00eddico do munic\u00edpio toda documenta\u00e7\u00e3o necess\u00e1ria para os procedimentos e ado\u00e7\u00e3o de medidas judiciais cab\u00edveis com o objetivo de responsabilizar aqueles que cometeram atos il\u00edcitos e que tentaram delapidar o patrim\u00f4nio p\u00fablico com a\u00e7\u00f5es que ferem os princ\u00edpios constitucionais legais, disse o prefeito.<\/div>\n<div>O importante \u00e9 que daremos andamento a todas as obras, inclusive as inacabadas que encontramos da gest\u00e3o anterior e que n\u00e3o foram conclu\u00eddas pela falta de compromisso e generosidade com o servi\u00e7o p\u00fablico, concluiu Silvano.<\/div>\n<div><a href=\"http:\/\/caririemacao.com\/1\/?attachment_id=44458\" rel=\"attachment wp-att-44458\"><img fetchpriority=\"high\" decoding=\"async\" class=\"aligncenter size-full wp-image-44458\" src=\"http:\/\/caririemacao.com\/1\/wp-content\/uploads\/2018\/03\/1T00WPONWHHB5X4DTCFM-1.jpg\" alt=\"\" width=\"878\" height=\"365\" srcset=\"https:\/\/www.caririemacao.com\/1\/wp-content\/uploads\/2018\/03\/1T00WPONWHHB5X4DTCFM-1.jpg 878w, https:\/\/www.caririemacao.com\/1\/wp-content\/uploads\/2018\/03\/1T00WPONWHHB5X4DTCFM-1-300x125.jpg 300w, https:\/\/www.caririemacao.com\/1\/wp-content\/uploads\/2018\/03\/1T00WPONWHHB5X4DTCFM-1-768x319.jpg 768w\" sizes=\"(max-width: 878px) 100vw, 878px\" \/><\/a><\/div>\n<div>\n<p><strong>CARIRI EM A\u00c7\u00c3O<\/strong><\/p>\n<p><em>Com Seplacom\/Foto: Marina Borges<\/em><\/p>\n<p><strong>Leia mais not\u00edcias em\u00a0<\/strong><a href=\"http:\/\/www.caririemacao.com\/\"><strong>caririemacao.com<\/strong><\/a><strong>, siga nossa p\u00e1gina no\u00a0<\/strong><a href=\"https:\/\/www.facebook.com\/CaririEmAcao\/?ref=aymt_homepage_panel\"><strong>Facebook<\/strong><\/a>,<strong>\u00a0<\/strong><a href=\"https:\/\/www.instagram.com\/cariri_em_acao\/?hl=pt-br\"><strong>Instagram<\/strong><\/a><strong>\u00a0e\u00a0<\/strong><a href=\"https:\/\/www.youtube.com\/channel\/UCAptA0jQuYQy8vMhLt2m4qg\"><strong>Youtube<\/strong><\/a><strong>\u00a0e veja nossas mat\u00e9rias, v\u00eddeos e fotos. Voc\u00ea tamb\u00e9m pode enviar informa\u00e7\u00f5es \u00e0 Reda\u00e7\u00e3o do Portal Cariri em A\u00e7\u00e3o pelo WhatsApp (83) 9 9634.5791, (83) 9 9601-1162.<\/strong><\/p>\n<\/div>\n","protected":false},"excerpt":{"rendered":"<p>Em reuni\u00e3o realizada na \u00faltima quarta-feira, dia 14, na presid\u00eancia da CAGEPA, na cidade de Jo\u00e3o Pessoa, o prefeito Silvano Dudu acompanhado do secret\u00e1rio do&hellip; <\/p>\n","protected":false},"author":2,"featured_media":14127,"comment_status":"closed","ping_status":"closed","sticky":false,"template":"","format":"standard","meta":{"sfsi_plus_gutenberg_text_before_share":"","sfsi_plus_gutenberg_show_text_before_share":"","sfsi_plus_gutenberg_icon_type":"","sfsi_plus_gutenberg_icon_alignemt":"","sfsi_plus_gutenburg_max_per_row":"","footnotes":""},"categories":[6],"tags":[],"class_list":["post-44455","post","type-post","status-publish","format-standard","has-post-thumbnail","hentry","category-cidades"],"_links":{"self":[{"href":"https:\/\/www.caririemacao.com\/1\/wp-json\/wp\/v2\/posts\/44455","targetHints":{"allow":["GET"]}}],"collection":[{"href":"https:\/\/www.caririemacao.com\/1\/wp-json\/wp\/v2\/posts"}],"about":[{"href":"https:\/\/www.caririemacao.com\/1\/wp-json\/wp\/v2\/types\/post"}],"author":[{"embeddable":true,"href":"https:\/\/www.caririemacao.com\/1\/wp-json\/wp\/v2\/users\/2"}],"replies":[{"embeddable":true,"href":"https:\/\/www.caririemacao.com\/1\/wp-json\/wp\/v2\/comments?post=44455"}],"version-history":[{"count":0,"href":"https:\/\/www.caririemacao.com\/1\/wp-json\/wp\/v2\/posts\/44455\/revisions"}],"wp:featuredmedia":[{"embeddable":true,"href":"https:\/\/www.caririemacao.com\/1\/wp-json\/wp\/v2\/media\/14127"}],"wp:attachment":[{"href":"https:\/\/www.caririemacao.com\/1\/wp-json\/wp\/v2\/media?parent=44455"}],"wp:term":[{"taxonomy":"category","embeddable":true,"href":"https:\/\/www.caririemacao.com\/1\/wp-json\/wp\/v2\/categories?post=44455"},{"taxonomy":"post_tag","embeddable":true,"href":"https:\/\/www.caririemacao.com\/1\/wp-json\/wp\/v2\/tags?post=44455"}],"curies":[{"name":"wp","href":"https:\/\/api.w.org\/{rel}","templated":true}]}}