{"id":44461,"date":"2018-03-16T21:15:28","date_gmt":"2018-03-17T00:15:28","guid":{"rendered":"http:\/\/caririemacao.com\/1\/?p=44461"},"modified":"2018-03-16T21:57:19","modified_gmt":"2018-03-17T00:57:19","slug":"tce-pb-imputa-debito-de-r-168-mil-a-ex-presidente-da-camara-municipal","status":"publish","type":"post","link":"https:\/\/www.caririemacao.com\/1\/2018\/03\/16\/tce-pb-imputa-debito-de-r-168-mil-a-ex-presidente-da-camara-municipal\/","title":{"rendered":"TCE-PB imputa d\u00e9bito de R$ 168 mil a ex-presidente da c\u00e2mara municipal"},"content":{"rendered":"<div class=\"mc-column content-text active-extra-styles active-capital-letter\" data-block-type=\"unstyled\" data-block-weight=\"49\" data-block-id=\"1\">\n<p class=\"content-text__container theme-color-primary-first-letter\" data-track-category=\"Link no Texto\" data-track-links=\"\">O Tribunal de Contas do Estado (TCE) da Para\u00edba, em reuni\u00e3o nesta quarta-feira (14), considerou irregulares as contas da c\u00e2mara municipal de Pil\u00f5es em 2016, sob a gest\u00e3o do vereador Edilson Mendes da Silva. O\u00a0<strong>G1<\/strong>\u00a0tentou entrar em contato com a assessoria do ex-vereador, mas n\u00e3o obteve resposta.<\/p>\n<\/div>\n<div class=\"mc-column content-text active-extra-styles \" data-block-type=\"unstyled\" data-block-weight=\"41\" data-block-id=\"2\">\n<p class=\"content-text__container \" data-track-category=\"Link no Texto\" data-track-links=\"\">Na decis\u00e3o, o tribunal aponta que durante a gest\u00e3o do ex-presidente da C\u00e2mara de Vereadores houve despesas com o pessoal acima do limite legal, elevado saldo em caixa, n\u00e3o pagamento de contribui\u00e7\u00f5es previdenci\u00e1rias e saldo fict\u00edcio no montante de R$ 168.607.<\/p>\n<\/div>\n<div data-track-category=\"fim do conteudo\" data-track-action=\"ultimo chunk conteudo\" data-track-noninteraction=\"false\" data-track-scroll=\"entrada completa viewport\">\n<div class=\"mc-column content-text active-extra-styles \" data-block-type=\"unstyled\" data-block-weight=\"67\" data-block-id=\"3\">\n<p class=\"content-text__container \" data-track-category=\"Link no Texto\" data-track-links=\"\">O pleno do TCE-PB ainda emitiu parecer favor\u00e1vel \u00e0s presta\u00e7\u00f5es de contas dos munic\u00edpios que faziam parte de processos remanescentes da sess\u00e3o anterior: Logradouro (2015), Aguiar (2016), Boa Vista (2016) e Ara\u00e7agi. Tamb\u00e9m favor\u00e1veis foram a aprova\u00e7\u00e3o das contas do munic\u00edpio de Juarez T\u00e1vora (2014), na gest\u00e3o da prefeita Maria Ana Farias dos Santos; ao munic\u00edpio de Pilar (2016), Duas Estradas (2016), Serraria (2016) e Tapero\u00e1 (2013).<\/p>\n<p><strong>CARIRI EM A\u00c7\u00c3O<\/strong><\/p>\n<p><em>Com G1\/Foto: Reprodu\u00e7\u00e3o google<\/em><\/p>\n<p><strong>Leia mais not\u00edcias em\u00a0<\/strong><a href=\"http:\/\/www.caririemacao.com\/\"><strong>caririemacao.com<\/strong><\/a><strong>, siga nossa p\u00e1gina no\u00a0<\/strong><a href=\"https:\/\/www.facebook.com\/CaririEmAcao\/?ref=aymt_homepage_panel\"><strong>Facebook<\/strong><\/a>,<strong>\u00a0<\/strong><a href=\"https:\/\/www.instagram.com\/cariri_em_acao\/?hl=pt-br\"><strong>Instagram<\/strong><\/a><strong>\u00a0e\u00a0<\/strong><a href=\"https:\/\/www.youtube.com\/channel\/UCAptA0jQuYQy8vMhLt2m4qg\"><strong>Youtube<\/strong><\/a><strong>\u00a0e veja nossas mat\u00e9rias, v\u00eddeos e fotos. Voc\u00ea tamb\u00e9m pode enviar informa\u00e7\u00f5es \u00e0 Reda\u00e7\u00e3o do Portal Cariri em A\u00e7\u00e3o pelo WhatsApp (83) 9 9634.5791, (83) 9 9601-1162.<\/strong><\/p>\n<\/div>\n<\/div>\n","protected":false},"excerpt":{"rendered":"<p>O Tribunal de Contas do Estado (TCE) da Para\u00edba, em reuni\u00e3o nesta quarta-feira (14), considerou irregulares as contas da c\u00e2mara municipal de Pil\u00f5es em 2016,&hellip; <\/p>\n","protected":false},"author":2,"featured_media":42556,"comment_status":"closed","ping_status":"closed","sticky":false,"template":"","format":"standard","meta":{"sfsi_plus_gutenberg_text_before_share":"","sfsi_plus_gutenberg_show_text_before_share":"","sfsi_plus_gutenberg_icon_type":"","sfsi_plus_gutenberg_icon_alignemt":"","sfsi_plus_gutenburg_max_per_row":"","footnotes":""},"categories":[11],"tags":[],"class_list":["post-44461","post","type-post","status-publish","format-standard","has-post-thumbnail","hentry","category-politica"],"_links":{"self":[{"href":"https:\/\/www.caririemacao.com\/1\/wp-json\/wp\/v2\/posts\/44461","targetHints":{"allow":["GET"]}}],"collection":[{"href":"https:\/\/www.caririemacao.com\/1\/wp-json\/wp\/v2\/posts"}],"about":[{"href":"https:\/\/www.caririemacao.com\/1\/wp-json\/wp\/v2\/types\/post"}],"author":[{"embeddable":true,"href":"https:\/\/www.caririemacao.com\/1\/wp-json\/wp\/v2\/users\/2"}],"replies":[{"embeddable":true,"href":"https:\/\/www.caririemacao.com\/1\/wp-json\/wp\/v2\/comments?post=44461"}],"version-history":[{"count":0,"href":"https:\/\/www.caririemacao.com\/1\/wp-json\/wp\/v2\/posts\/44461\/revisions"}],"wp:featuredmedia":[{"embeddable":true,"href":"https:\/\/www.caririemacao.com\/1\/wp-json\/wp\/v2\/media\/42556"}],"wp:attachment":[{"href":"https:\/\/www.caririemacao.com\/1\/wp-json\/wp\/v2\/media?parent=44461"}],"wp:term":[{"taxonomy":"category","embeddable":true,"href":"https:\/\/www.caririemacao.com\/1\/wp-json\/wp\/v2\/categories?post=44461"},{"taxonomy":"post_tag","embeddable":true,"href":"https:\/\/www.caririemacao.com\/1\/wp-json\/wp\/v2\/tags?post=44461"}],"curies":[{"name":"wp","href":"https:\/\/api.w.org\/{rel}","templated":true}]}}