{"id":44463,"date":"2018-03-16T21:18:24","date_gmt":"2018-03-17T00:18:24","guid":{"rendered":"http:\/\/caririemacao.com\/1\/?p=44463"},"modified":"2018-03-16T21:18:24","modified_gmt":"2018-03-17T00:18:24","slug":"obras-nos-acudes-de-pocoes-e-camalau-na-pb-vao-ser-retomadas-no-dia-2-de-abril","status":"publish","type":"post","link":"https:\/\/www.caririemacao.com\/1\/2018\/03\/16\/obras-nos-acudes-de-pocoes-e-camalau-na-pb-vao-ser-retomadas-no-dia-2-de-abril\/","title":{"rendered":"Obras nos a\u00e7udes de Po\u00e7\u00f5es e Camala\u00fa, na PB, v\u00e3o ser retomadas no dia 2 de abril"},"content":{"rendered":"<div class=\"mc-column content-text active-extra-styles active-capital-letter\" data-block-type=\"unstyled\" data-block-weight=\"87\" data-block-id=\"2\">\n<p class=\"content-text__container theme-color-primary-first-letter\" data-track-category=\"Link no Texto\" data-track-links=\"\">As obras dos a\u00e7udes Po\u00e7\u00f5es e Camala\u00fa ser\u00e3o retomadas no pr\u00f3ximo dia 2 de abril.\u00a0A redu\u00e7\u00e3o da vaz\u00e3o de bombeamento da \u00e1gua no eixo leste da transposi\u00e7\u00e3o do Rio S\u00e3o Francisco\u00a0come\u00e7a a ocorrer a partir da pr\u00f3xima semana. Essas decis\u00f5es foram tomadas em uma reuni\u00e3o realizada na manh\u00e3 desta sexta-feira (16), na sede do Minist\u00e9rio P\u00fablico Federal (MPF), em Jo\u00e3o Pessoa. A previs\u00e3o do Departamento Nacional de Obras Contra as Secas (Dnocs) \u00e9 de que as duas obras sejam entregues em, no m\u00e1ximo, quatro meses.<\/p>\n<\/div>\n<div class=\"mc-column content-text active-extra-styles \" data-block-type=\"unstyled\" data-block-weight=\"43\" data-block-id=\"3\">\n<p class=\"content-text__container \" data-track-category=\"Link no Texto\" data-track-links=\"\">Essa reuni\u00e3o aconteceu com o prop\u00f3sito de discutir a suspens\u00e3o de bombeamento de \u00e1guas da transposi\u00e7\u00e3o do rio S\u00e3o Francisco. Essa interrup\u00e7\u00e3o deve acontecer para obras nos a\u00e7udes de Po\u00e7\u00f5es e Camala\u00fa serem conclu\u00eddas, em fun\u00e7\u00e3o do risco de seguran\u00e7a identificado pelo Dnocs.<\/p>\n<\/div>\n<div class=\"mc-column content-text active-extra-styles \" data-block-type=\"unstyled\" data-block-weight=\"76\" data-block-id=\"4\">\n<p class=\"content-text__container \" data-track-category=\"Link no Texto\" data-track-links=\"\">Representantes da ANA, da Aesa e da Secretaria de Recursos H\u00eddricos da Para\u00edba foram contr\u00e1rios \u00e0 retomada imediata das obras nos dois a\u00e7udes, propondo o rein\u00edcio para junho ou julho. O Dnocs e o Minist\u00e9rio da Integra\u00e7\u00e3o, no entanto, apresentaram dados t\u00e9cnicos sobre a necessidade da retomada imediata das obras de recupera\u00e7\u00e3o dos mananciais. Ap\u00f3s ouvir os dois \u00f3rg\u00e3os, os representantes do MPF e MPPB avaliaram que em 15 dias o Dnocs deve reiniciar as obras.<\/p>\n<\/div>\n<div class=\"mc-column content-text active-extra-styles \" data-block-type=\"unstyled\" data-block-weight=\"49\" data-block-id=\"5\">\n<p class=\"content-text__container \" data-track-category=\"Link no Texto\" data-track-links=\"\">De acordo com a coordenadora do grupo de trabalho da transposi\u00e7\u00e3o do rio S\u00e3o Francisco na Para\u00edba, a procuradora Jana\u00edna Andrade, se os \u00f3rg\u00e3os gestores da transposi\u00e7\u00e3o pretendem garantir o fornecimento de \u00e1gua com seguran\u00e7a para as cidades, \u00e9 indispens\u00e1vel a conclus\u00e3o das obras nos a\u00e7udes Po\u00e7\u00f5es e Camala\u00fa.<\/p>\n<\/div>\n<div class=\"mc-column content-text active-extra-styles \" data-block-type=\"unstyled\" data-block-weight=\"63\" data-block-id=\"6\">\n<p class=\"content-text__container \" data-track-category=\"Link no Texto\" data-track-links=\"\">Ainda conforme a coordenadora, \u201cconclu\u00eddas as tomadas de \u00e1gua complementar desses a\u00e7udes, ser\u00e1 poss\u00edvel verter para o rio Para\u00edba n\u00e3o somente as \u00e1guas transpostas mas tamb\u00e9m as \u00e1guas das chuvas, que podem ser armazenadas nessas duas barragens. Assim, o MPF n\u00e3o pode admitir que os munic\u00edpios que integram o eixo leste da transposi\u00e7\u00e3o dependam unicamente de um bombeamento artificial sem uma reserva h\u00eddrica\u201d.<\/p>\n<\/div>\n<div class=\"mc-column content-text active-extra-styles \" data-block-type=\"unstyled\" data-block-weight=\"41\" data-block-id=\"8\">\n<p class=\"content-text__container \" data-track-category=\"Link no Texto\" data-track-links=\"\">O MPF em Monteiro entende que toda \u00e1gua advinda das chuvas at\u00e9 ent\u00e3o escoou pelos \u2018rasgos\u2019 dos dois a\u00e7udes, se dirigindo para Boqueir\u00e3o. Mantida essa situa\u00e7\u00e3o, haver\u00e1 mais preju\u00edzos \u00e0s popula\u00e7\u00f5es de cidades como Monteiro, Sum\u00e9, Congo, S\u00e3o Jo\u00e3o do Cariri.<\/p>\n<\/div>\n<div class=\"mc-column content-text active-extra-styles \" data-block-type=\"unstyled\" data-block-weight=\"70\" data-block-id=\"9\">\n<p class=\"content-text__container \" data-track-category=\"Link no Texto\" data-track-links=\"\">\u201cDiante de um documento do Dnocs, sobre a imin\u00eancia de um risco por conta da n\u00e3o recupera\u00e7\u00e3o feita nos dois a\u00e7udes, n\u00e3o poder\u00edamos deixar que o Projeto de Integra\u00e7\u00e3o do S\u00e3o Francisco (Pisf) continuasse fornecendo \u00e1gua sem a seguran\u00e7a necess\u00e1ria. A paralisa\u00e7\u00e3o durar\u00e1 pouco tempo e n\u00e3o vai comprometer o abastecimento de Campina Grande e outros munic\u00edpios\u201d, complementou procurador de Justi\u00e7a que representou o MP estadual na reuni\u00e3o, \u00c1lvaro Gadelha.<\/p>\n<\/div>\n<div class=\"mc-column content-text active-extra-styles \" data-block-type=\"unstyled\" data-block-weight=\"71\" data-block-id=\"10\">\n<p class=\"content-text__container \" data-track-category=\"Link no Texto\" data-track-links=\"\">Participaram da reuni\u00e3o representantes do Dnocs, Ag\u00eancia Nacional das \u00c1guas (ANA), Ag\u00eancia Executiva de Gest\u00e3o das \u00c1guas da Para\u00edba (Aesa), al\u00e9m de membros da Secretaria de Recursos H\u00eddricos da Para\u00edba, Minist\u00e9rio da Integra\u00e7\u00e3o, Minist\u00e9rio P\u00fablico Estadual (MPPB) e Minist\u00e9rio P\u00fablico Federal (MPF). Tamb\u00e9m estiveram na reuni\u00e3o desta sexta-feira representantes do Comit\u00ea de Bacia do Rio Para\u00edba, da Advocacia-Geral da Uni\u00e3o (AGU) e Companhia de Desenvolvimento do Vale do S\u00e3o Francisco (Codevasf).<\/p>\n<\/div>\n<div class=\"mc-column content-text active-extra-styles\" data-block-type=\"raw\" data-block-weight=\"2\" data-block-id=\"11\">\n<div class=\"content-intertitle\">\n<h2>Nota t\u00e9cnica<\/h2>\n<\/div>\n<\/div>\n<div class=\"mc-column content-text active-extra-styles \" data-block-type=\"unstyled\" data-block-weight=\"61\" data-block-id=\"12\">\n<p class=\"content-text__container \" data-track-category=\"Link no Texto\" data-track-links=\"\">A\u00a0Secretaria de Infraestrutura H\u00eddrica, do Minist\u00e9rio da Integra\u00e7\u00e3o Nacional, enviou uma nota t\u00e9cnica ao Minist\u00e9rio P\u00fablico Federal (MPF) na Para\u00edba confirmando a necessidade de suspens\u00e3o de bombeamento de \u00e1guas da transposi\u00e7\u00e3o do Rio S\u00e3o Francisco. Com base nesta nota, n\u00e3o foram encontrados elementos que justifiquem tecnicamente a impossibilidade de interrup\u00e7\u00e3o da pr\u00e9-opera\u00e7\u00e3o do Projeto de Integra\u00e7\u00e3o do S\u00e3o Francisco (PISF).<\/p>\n<\/div>\n<div data-track-category=\"fim do conteudo\" data-track-action=\"ultimo chunk conteudo\" data-track-noninteraction=\"false\" data-track-scroll=\"entrada completa viewport\">\n<div class=\"mc-column content-text active-extra-styles \" data-block-type=\"unstyled\" data-block-weight=\"56\" data-block-id=\"13\">\n<p class=\"content-text__container \" data-track-category=\"Link no Texto\" data-track-links=\"\">Essa nota t\u00e9cnica levou em considera\u00e7\u00e3o o volume do a\u00e7ude de Boqueir\u00e3o, que de acordo com a Ag\u00eancia Executiva de Gest\u00e3o das \u00c1guas (Aesa) est\u00e1 atualmente com 16,48% da capacidade total (67,8 milh\u00f5es m\u00b3), e analisou que a interrup\u00e7\u00e3o do bombeamento n\u00e3o oferece riscos ao abastecimento de \u00e1gua para Campina Grande e as outras duas cidades.<\/p>\n<p><strong>CARIRI EM A\u00c7\u00c3O<\/strong><\/p>\n<p><em>Com G1\/Foto:\u00a0Ascom\/MPF<\/em><\/p>\n<p><strong>Leia mais not\u00edcias em\u00a0<\/strong><a href=\"http:\/\/www.caririemacao.com\/\"><strong>caririemacao.com<\/strong><\/a><strong>, siga nossa p\u00e1gina no\u00a0<\/strong><a href=\"https:\/\/www.facebook.com\/CaririEmAcao\/?ref=aymt_homepage_panel\"><strong>Facebook<\/strong><\/a>,<strong>\u00a0<\/strong><a href=\"https:\/\/www.instagram.com\/cariri_em_acao\/?hl=pt-br\"><strong>Instagram<\/strong><\/a><strong>\u00a0e\u00a0<\/strong><a href=\"https:\/\/www.youtube.com\/channel\/UCAptA0jQuYQy8vMhLt2m4qg\"><strong>Youtube<\/strong><\/a><strong>\u00a0e veja nossas mat\u00e9rias, v\u00eddeos e fotos. Voc\u00ea tamb\u00e9m pode enviar informa\u00e7\u00f5es \u00e0 Reda\u00e7\u00e3o do Portal Cariri em A\u00e7\u00e3o pelo WhatsApp (83) 9 9634.5791, (83) 9 9601-1162.<\/strong><\/p>\n<\/div>\n<\/div>\n","protected":false},"excerpt":{"rendered":"<p>As obras dos a\u00e7udes Po\u00e7\u00f5es e Camala\u00fa ser\u00e3o retomadas no pr\u00f3ximo dia 2 de abril.\u00a0A redu\u00e7\u00e3o da vaz\u00e3o de bombeamento da \u00e1gua no eixo leste&hellip; <\/p>\n","protected":false},"author":2,"featured_media":44464,"comment_status":"closed","ping_status":"closed","sticky":false,"template":"","format":"standard","meta":{"sfsi_plus_gutenberg_text_before_share":"","sfsi_plus_gutenberg_show_text_before_share":"","sfsi_plus_gutenberg_icon_type":"","sfsi_plus_gutenberg_icon_alignemt":"","sfsi_plus_gutenburg_max_per_row":"","footnotes":""},"categories":[6],"tags":[],"class_list":["post-44463","post","type-post","status-publish","format-standard","has-post-thumbnail","hentry","category-cidades"],"_links":{"self":[{"href":"https:\/\/www.caririemacao.com\/1\/wp-json\/wp\/v2\/posts\/44463","targetHints":{"allow":["GET"]}}],"collection":[{"href":"https:\/\/www.caririemacao.com\/1\/wp-json\/wp\/v2\/posts"}],"about":[{"href":"https:\/\/www.caririemacao.com\/1\/wp-json\/wp\/v2\/types\/post"}],"author":[{"embeddable":true,"href":"https:\/\/www.caririemacao.com\/1\/wp-json\/wp\/v2\/users\/2"}],"replies":[{"embeddable":true,"href":"https:\/\/www.caririemacao.com\/1\/wp-json\/wp\/v2\/comments?post=44463"}],"version-history":[{"count":0,"href":"https:\/\/www.caririemacao.com\/1\/wp-json\/wp\/v2\/posts\/44463\/revisions"}],"wp:featuredmedia":[{"embeddable":true,"href":"https:\/\/www.caririemacao.com\/1\/wp-json\/wp\/v2\/media\/44464"}],"wp:attachment":[{"href":"https:\/\/www.caririemacao.com\/1\/wp-json\/wp\/v2\/media?parent=44463"}],"wp:term":[{"taxonomy":"category","embeddable":true,"href":"https:\/\/www.caririemacao.com\/1\/wp-json\/wp\/v2\/categories?post=44463"},{"taxonomy":"post_tag","embeddable":true,"href":"https:\/\/www.caririemacao.com\/1\/wp-json\/wp\/v2\/tags?post=44463"}],"curies":[{"name":"wp","href":"https:\/\/api.w.org\/{rel}","templated":true}]}}