{"id":44466,"date":"2018-03-16T21:21:50","date_gmt":"2018-03-17T00:21:50","guid":{"rendered":"http:\/\/caririemacao.com\/1\/?p=44466"},"modified":"2018-03-16T21:21:50","modified_gmt":"2018-03-17T00:21:50","slug":"prouni-2018-prazo-para-entrar-na-lista-de-espera-comeca-nesta-sexta","status":"publish","type":"post","link":"https:\/\/www.caririemacao.com\/1\/2018\/03\/16\/prouni-2018-prazo-para-entrar-na-lista-de-espera-comeca-nesta-sexta\/","title":{"rendered":"Prouni 2018: prazo para entrar na lista de espera come\u00e7a nesta sexta"},"content":{"rendered":"<div class=\"mc-column content-text active-extra-styles active-capital-letter\" data-block-type=\"unstyled\" data-block-weight=\"39\" data-block-id=\"2\">\n<p class=\"content-text__container theme-color-primary-first-letter\" data-track-category=\"Link no Texto\" data-track-links=\"\">O prazo para que os estudantes manifestem interesse em aderir \u00e0 lista de espera do Programa Universidade para Todos (Prouni) come\u00e7a nesta sexta-feira (16) e termina na segunda-feira (19). A solicita\u00e7\u00e3o deve ser feita pelo site do programa (http:\/\/siteprouni.mec.gov.br).<\/p>\n<\/div>\n<div class=\"mc-column content-text active-extra-styles \" data-block-type=\"unstyled\" data-block-weight=\"29\" data-block-id=\"3\">\n<p class=\"content-text__container \" data-track-category=\"Link no Texto\" data-track-links=\"\">A lista ser\u00e1 utilizada pelas institui\u00e7\u00f5es de ensino superior na convoca\u00e7\u00e3o para preenchimento de bolsas n\u00e3o ocupadas. Ela vai contemplar os candidatos que n\u00e3o foram\u00a0pr\u00e9-selecionados na primeira chamada.<\/p>\n<\/div>\n<div class=\"mc-column content-text active-extra-styles \" data-block-type=\"unstyled\" data-block-weight=\"9\" data-block-id=\"4\">\n<p class=\"content-text__container \" data-track-category=\"Link no Texto\" data-track-links=\"\">Poder\u00e3o concorrer \u00e0 primeira op\u00e7\u00e3o de curso aqueles que:<\/p>\n<\/div>\n<div class=\"mc-column content-text active-extra-styles\" data-block-type=\"raw\" data-block-weight=\"20\" data-block-id=\"5\">\n<ul class=\"content-unordered-list\">\n<li>N\u00e3o foram pr\u00e9-selecionados nas chamadas regulares;<\/li>\n<li>Foram pr\u00e9-selecionados s\u00f3 na segunda op\u00e7\u00e3o de curso, mas n\u00e3o houve forma\u00e7\u00e3o de turma.<\/li>\n<\/ul>\n<\/div>\n<div class=\"mc-column content-text active-extra-styles \" data-block-type=\"unstyled\" data-block-weight=\"9\" data-block-id=\"6\">\n<p class=\"content-text__container \" data-track-category=\"Link no Texto\" data-track-links=\"\">Poder\u00e3o concorrer \u00e0 segunda op\u00e7\u00e3o de curso aqueles que:<\/p>\n<\/div>\n<div class=\"mc-column content-text active-extra-styles\" data-block-type=\"raw\" data-block-weight=\"30\" data-block-id=\"7\">\n<ul class=\"content-unordered-list\">\n<li>N\u00e3o foram pr\u00e9-selecionados nas chamadas regulares e n\u00e3o houve forma\u00e7\u00e3o de turma na primeira op\u00e7\u00e3o;<\/li>\n<li>Foram pr\u00e9-selecionados na primeira op\u00e7\u00e3o de curso, mas reprovados porque n\u00e3o houve forma\u00e7\u00e3o de turma.<\/li>\n<\/ul>\n<\/div>\n<div class=\"mc-column content-text active-extra-styles \" data-block-type=\"unstyled\" data-block-weight=\"47\" data-block-id=\"8\">\n<p class=\"content-text__container \" data-track-category=\"Link no Texto\" data-track-links=\"\">O Prouni disponibilizar\u00e1 os boletins de desempenho de cada participante para as institui\u00e7\u00f5es de ensino que integram o programa. Caber\u00e1 a elas analisar quantas vagas n\u00e3o foram ocupadas para convocar novos candidatos. O resultado da lista de espera ser\u00e1 publicado pelas universidades no dia 20 de mar\u00e7o.<\/p>\n<\/div>\n<div class=\"mc-column content-text active-extra-styles\" data-block-type=\"raw\" data-block-weight=\"3\" data-block-id=\"9\">\n<div class=\"content-intertitle\">\n<h2>Crit\u00e9rios de participa\u00e7\u00e3o<\/h2>\n<\/div>\n<\/div>\n<div class=\"mc-column content-text active-extra-styles \" data-block-type=\"unstyled\" data-block-weight=\"43\" data-block-id=\"10\">\n<p class=\"content-text__container \" data-track-category=\"Link no Texto\" data-track-links=\"\">Para participar do Prouni, \u00e9 necess\u00e1rio ter tirado no m\u00ednimo 450 pontos no Exame Nacional do Ensino M\u00e9dio (Enem 2017) e n\u00e3o ter zerado a reda\u00e7\u00e3o. S\u00f3 podem integrar o programa aqueles estudantes que se encaixarem em pelo menos uma das seguintes situa\u00e7\u00f5es:<\/p>\n<\/div>\n<div class=\"mc-column content-text active-extra-styles\" data-block-type=\"raw\" data-block-weight=\"54\" data-block-id=\"11\">\n<ul class=\"content-unordered-list\">\n<li>ter cursado o ensino m\u00e9dio completo em escola da rede p\u00fablica;<\/li>\n<li>ter cursado o ensino m\u00e9dio completo em escola privada, mas como bolsista integral;<\/li>\n<li>ter cursado o ensino m\u00e9dio parcialmente em escola da rede p\u00fablica e parcialmente em escola privada, mas como bolsista integral;<\/li>\n<li>ter alguma defici\u00eancia;<\/li>\n<li>ser professor da rede p\u00fablica de ensino.<\/li>\n<\/ul>\n<\/div>\n<div class=\"mc-column content-text active-extra-styles\" data-block-type=\"raw\" data-block-weight=\"3\" data-block-id=\"12\">\n<div class=\"content-intertitle\">\n<h2>Tipos de bolsa<\/h2>\n<\/div>\n<\/div>\n<div class=\"mc-column content-text active-extra-styles \" data-block-type=\"unstyled\" data-block-weight=\"42\" data-block-id=\"13\">\n<p class=\"content-text__container \" data-track-category=\"Link no Texto\" data-track-links=\"\">As bolsas integrais se destinam aos candidatos cuja renda familiar bruta mensal per capita n\u00e3o exceda 1,5 sal\u00e1rio m\u00ednimo. J\u00e1 as parciais, de 50% da mensalidade, s\u00e3o voltadas aos estudantes com renda familiar bruta mensal per capita inferior a tr\u00eas sal\u00e1rios m\u00ednimos.<\/p>\n<\/div>\n<div class=\"mc-column content-text active-extra-styles \" data-block-type=\"unstyled\" data-block-weight=\"18\" data-block-id=\"15\">\n<p class=\"content-text__container \" data-track-category=\"Link no Texto\" data-track-links=\"\">A inscri\u00e7\u00e3o inclui at\u00e9 duas op\u00e7\u00f5es de institui\u00e7\u00e3o, local de oferta, curso, turno e tipo de bolsa pretendida.<\/p>\n<\/div>\n<div class=\"mc-column content-text active-extra-styles\" data-block-type=\"raw\" data-block-weight=\"3\" data-block-id=\"16\">\n<div class=\"content-intertitle\">\n<h2>Calend\u00e1rio Prouni 2018<\/h2>\n<\/div>\n<\/div>\n<div data-track-category=\"fim do conteudo\" data-track-action=\"ultimo chunk conteudo\" data-track-noninteraction=\"false\" data-track-scroll=\"entrada completa viewport\">\n<div class=\"mc-column content-text active-extra-styles\" data-block-type=\"raw\" data-block-weight=\"21\" data-block-id=\"17\">\n<ul class=\"content-unordered-list\">\n<li><strong>Manifesta\u00e7\u00e3o de interesse na lista de espera:\u00a0<\/strong>entre 16 e 19 de mar\u00e7o<\/li>\n<li><strong>Resultado das listas de espera:\u00a0<\/strong>20 de mar\u00e7o<\/li>\n<\/ul>\n<p><strong>CARIRI EM A\u00c7\u00c3O<\/strong><\/p>\n<p><em>Com G1\/Foto: Reprodu\u00e7\u00e3o google<\/em><\/p>\n<p><strong>Leia mais not\u00edcias em\u00a0<\/strong><a href=\"http:\/\/www.caririemacao.com\/\"><strong>caririemacao.com<\/strong><\/a><strong>, siga nossa p\u00e1gina no\u00a0<\/strong><a href=\"https:\/\/www.facebook.com\/CaririEmAcao\/?ref=aymt_homepage_panel\"><strong>Facebook<\/strong><\/a>,<strong>\u00a0<\/strong><a href=\"https:\/\/www.instagram.com\/cariri_em_acao\/?hl=pt-br\"><strong>Instagram<\/strong><\/a><strong>\u00a0e\u00a0<\/strong><a href=\"https:\/\/www.youtube.com\/channel\/UCAptA0jQuYQy8vMhLt2m4qg\"><strong>Youtube<\/strong><\/a><strong>\u00a0e veja nossas mat\u00e9rias, v\u00eddeos e fotos. Voc\u00ea tamb\u00e9m pode enviar informa\u00e7\u00f5es \u00e0 Reda\u00e7\u00e3o do Portal Cariri em A\u00e7\u00e3o pelo WhatsApp (83) 9 9634.5791, (83) 9 9601-1162.<\/strong><\/p>\n<\/div>\n<\/div>\n","protected":false},"excerpt":{"rendered":"<p>O prazo para que os estudantes manifestem interesse em aderir \u00e0 lista de espera do Programa Universidade para Todos (Prouni) come\u00e7a nesta sexta-feira (16) e&hellip; <\/p>\n","protected":false},"author":2,"featured_media":44467,"comment_status":"closed","ping_status":"closed","sticky":false,"template":"","format":"standard","meta":{"sfsi_plus_gutenberg_text_before_share":"","sfsi_plus_gutenberg_show_text_before_share":"","sfsi_plus_gutenberg_icon_type":"","sfsi_plus_gutenberg_icon_alignemt":"","sfsi_plus_gutenburg_max_per_row":"","footnotes":""},"categories":[14],"tags":[],"class_list":["post-44466","post","type-post","status-publish","format-standard","has-post-thumbnail","hentry","category-educacao"],"_links":{"self":[{"href":"https:\/\/www.caririemacao.com\/1\/wp-json\/wp\/v2\/posts\/44466","targetHints":{"allow":["GET"]}}],"collection":[{"href":"https:\/\/www.caririemacao.com\/1\/wp-json\/wp\/v2\/posts"}],"about":[{"href":"https:\/\/www.caririemacao.com\/1\/wp-json\/wp\/v2\/types\/post"}],"author":[{"embeddable":true,"href":"https:\/\/www.caririemacao.com\/1\/wp-json\/wp\/v2\/users\/2"}],"replies":[{"embeddable":true,"href":"https:\/\/www.caririemacao.com\/1\/wp-json\/wp\/v2\/comments?post=44466"}],"version-history":[{"count":0,"href":"https:\/\/www.caririemacao.com\/1\/wp-json\/wp\/v2\/posts\/44466\/revisions"}],"wp:featuredmedia":[{"embeddable":true,"href":"https:\/\/www.caririemacao.com\/1\/wp-json\/wp\/v2\/media\/44467"}],"wp:attachment":[{"href":"https:\/\/www.caririemacao.com\/1\/wp-json\/wp\/v2\/media?parent=44466"}],"wp:term":[{"taxonomy":"category","embeddable":true,"href":"https:\/\/www.caririemacao.com\/1\/wp-json\/wp\/v2\/categories?post=44466"},{"taxonomy":"post_tag","embeddable":true,"href":"https:\/\/www.caririemacao.com\/1\/wp-json\/wp\/v2\/tags?post=44466"}],"curies":[{"name":"wp","href":"https:\/\/api.w.org\/{rel}","templated":true}]}}