{"id":44478,"date":"2018-03-16T21:43:02","date_gmt":"2018-03-17T00:43:02","guid":{"rendered":"http:\/\/caririemacao.com\/1\/?p=44478"},"modified":"2018-03-16T21:43:02","modified_gmt":"2018-03-17T00:43:02","slug":"aulas-do-pbvest-comecam-neste-sabado-em-quatro-cidades-do-cariri","status":"publish","type":"post","link":"https:\/\/www.caririemacao.com\/1\/2018\/03\/16\/aulas-do-pbvest-comecam-neste-sabado-em-quatro-cidades-do-cariri\/","title":{"rendered":"Aulas do PBVest come\u00e7am neste s\u00e1bado em quatro cidades do Cariri"},"content":{"rendered":"<p>O Governo do Estado, por meio da Secretaria de Estado da Educa\u00e7\u00e3o (SEE), inicia, neste s\u00e1bado (17), as aulas do Programa Vestibular Social \u2013 PBVest. As inscri\u00e7\u00f5es, que come\u00e7aram no s\u00e1bado (10) e v\u00e3o at\u00e9 as 23h59min desta sexta-feira (16), ou enquanto tiver vagas, no site. As aulas online ocorrer\u00e3o aos s\u00e1bados, no hor\u00e1rio das 7h30 \u00e0s 12h05, no per\u00edodo de 17 de mar\u00e7o a 30 de novembro e estar\u00e3o dispon\u00edveis no portal do programa, sempre a partir da segunda-feira subsequente a cada s\u00e1bado, para o p\u00fablico em geral. Esta \u00e9 a oitava edi\u00e7\u00e3o do programa que oferta 8 mil vagas.<\/p>\n<p>O curso objetiva refor\u00e7ar e ampliar os conhecimentos dos alunos do 3\u00ba ano do ensino m\u00e9dio da rede estadual de ensino em todas as suas modalidades, assim como dos egressos das escolas da rede p\u00fablica do estado da Para\u00edba que pretendam concorrer \u00e0s vagas dos cursos de gradua\u00e7\u00e3o por meio do Exame Nacional do Ensino M\u00e9dio (Enem), entre outros processos seletivos. O programa \u00e9 destinado a alunos do 3\u00ba ano do Ensino M\u00e9dio da Rede Estadual de Ensino ou ser egresso das escolas p\u00fablicas do Estado da Para\u00edba.<\/p>\n<p>Est\u00e3o sendo oferecidas 8 mil vagas nos polos presencias, sendo 5.737 vagas para alunos da 3\u00aa S\u00e9rie do ensino m\u00e9dio da rede estadual de ensino e 2.263 vagas para os egressos e ser\u00e3o preenchidas pelos primeiros inscritos ap\u00f3s o in\u00edcio das inscri\u00e7\u00f5es. Qualquer aluno poder\u00e1 participar das aulas, em polos remotos (salas virtuais) em sua resid\u00eancia ou qualquer local que tenha acesso a internet.<\/p>\n<p><strong>Confira os munic\u00edpios e escolas do Cariri onde o curso ser\u00e1 aplicado, com suas respectivas vagas ofertadas:<\/strong><\/p>\n<p><strong>Munic\u00edpio\u00a0 \u00a0 \u00a0 \u00a0 \u00a0 \u00a0 \u00a0 \u00a0 \u00a0 \u00a0 \u00a0 \u00a0 \u00a0 \u00a0 \u00a0 \u00a0 \u00a0ESCOLA\u00a0 \u00a0 \u00a0 \u00a0 \u00a0 \u00a0 \u00a0 \u00a0 \u00a0 \u00a0 \u00a0 \u00a0 3\u00baANO\u00a0 \u00a0 \u00a0 \u00a0 \u00a0Egresso<\/strong><\/p>\n<p>Tapero\u00e1\u00a0 \u00a0 \u00a0 \u00a0 \u00a0 \u00a0 \u00a0 \u00a0 \u00a0 \u00a0 \u00a0 \u00a0 \u00a0EEEFM Melqu\u00edades Vilar\u00a0 \u00a0 \u00a0 \u00a0 \u00a0 \u00a0 \u00a0 \u00a0 \u00a0 50\u00a0 \u00a0 \u00a0 \u00a0 \u00a0 \u00a0 \u00a0 \u00a0 \u00a0 50<\/p>\n<p>Monteiro\u00a0 \u00a0 \u00a0 \u00a0 \u00a0 \u00a0 \u00a0 \u00a0 \u00a0 \u00a0 \u00a0EEEFM Jose Leite de Sousa\u00a0 \u00a0 \u00a0 \u00a0 \u00a0 \u00a0 \u00a0 \u00a0 100\u00a0 \u00a0 \u00a0 \u00a0 \u00a0 \u00a0 \u00a0 \u00a0 80<\/p>\n<p>Serra Branca\u00a0 \u00a0 \u00a0 \u00a0 \u00a0EEEFM Senador Jose Gaud\u00eancio\u00a0 \u00a0 \u00a0 \u00a0 \u00a0 \u00a0 \u00a0100\u00a0 \u00a0 \u00a0 \u00a0 \u00a0 \u00a0 \u00a0 \u00a050<\/p>\n<p>Sum\u00e9\u00a0 \u00a0 \u00a0 \u00a0 \u00a0 \u00a0 \u00a0 \u00a0 \u00a0 EEEFM Prof Jose Goncalves de Queiroz\u00a0 \u00a0 \u00a0120\u00a0 \u00a0 \u00a0 \u00a0 \u00a0 \u00a0 \u00a0 \u00a0 80<\/p>\n<p><strong>CARIRI EM A\u00c7\u00c3O<\/strong><\/p>\n<p><em>Com Cariri Ligado\/Foto: Reprodu\u00e7\u00e3o google<\/em><\/p>\n<p><strong>Leia mais not\u00edcias em\u00a0<\/strong><a href=\"http:\/\/www.caririemacao.com\/\"><strong>caririemacao.com<\/strong><\/a><strong>, siga nossa p\u00e1gina no\u00a0<\/strong><a href=\"https:\/\/www.facebook.com\/CaririEmAcao\/?ref=aymt_homepage_panel\"><strong>Facebook<\/strong><\/a>,<strong>\u00a0<\/strong><a href=\"https:\/\/www.instagram.com\/cariri_em_acao\/?hl=pt-br\"><strong>Instagram<\/strong><\/a><strong>\u00a0e\u00a0<\/strong><a href=\"https:\/\/www.youtube.com\/channel\/UCAptA0jQuYQy8vMhLt2m4qg\"><strong>Youtube<\/strong><\/a><strong>\u00a0e veja nossas mat\u00e9rias, v\u00eddeos e fotos. Voc\u00ea tamb\u00e9m pode enviar informa\u00e7\u00f5es \u00e0 Reda\u00e7\u00e3o do Portal Cariri em A\u00e7\u00e3o pelo WhatsApp (83) 9 9634.5791, (83) 9 9601-1162.<\/strong><\/p>\n<p>&nbsp;<\/p>\n","protected":false},"excerpt":{"rendered":"<p>O Governo do Estado, por meio da Secretaria de Estado da Educa\u00e7\u00e3o (SEE), inicia, neste s\u00e1bado (17), as aulas do Programa Vestibular Social \u2013 PBVest.&hellip; <\/p>\n","protected":false},"author":2,"featured_media":39464,"comment_status":"closed","ping_status":"closed","sticky":false,"template":"","format":"standard","meta":{"sfsi_plus_gutenberg_text_before_share":"","sfsi_plus_gutenberg_show_text_before_share":"","sfsi_plus_gutenberg_icon_type":"","sfsi_plus_gutenberg_icon_alignemt":"","sfsi_plus_gutenburg_max_per_row":"","footnotes":""},"categories":[6],"tags":[],"class_list":["post-44478","post","type-post","status-publish","format-standard","has-post-thumbnail","hentry","category-cidades"],"_links":{"self":[{"href":"https:\/\/www.caririemacao.com\/1\/wp-json\/wp\/v2\/posts\/44478","targetHints":{"allow":["GET"]}}],"collection":[{"href":"https:\/\/www.caririemacao.com\/1\/wp-json\/wp\/v2\/posts"}],"about":[{"href":"https:\/\/www.caririemacao.com\/1\/wp-json\/wp\/v2\/types\/post"}],"author":[{"embeddable":true,"href":"https:\/\/www.caririemacao.com\/1\/wp-json\/wp\/v2\/users\/2"}],"replies":[{"embeddable":true,"href":"https:\/\/www.caririemacao.com\/1\/wp-json\/wp\/v2\/comments?post=44478"}],"version-history":[{"count":0,"href":"https:\/\/www.caririemacao.com\/1\/wp-json\/wp\/v2\/posts\/44478\/revisions"}],"wp:featuredmedia":[{"embeddable":true,"href":"https:\/\/www.caririemacao.com\/1\/wp-json\/wp\/v2\/media\/39464"}],"wp:attachment":[{"href":"https:\/\/www.caririemacao.com\/1\/wp-json\/wp\/v2\/media?parent=44478"}],"wp:term":[{"taxonomy":"category","embeddable":true,"href":"https:\/\/www.caririemacao.com\/1\/wp-json\/wp\/v2\/categories?post=44478"},{"taxonomy":"post_tag","embeddable":true,"href":"https:\/\/www.caririemacao.com\/1\/wp-json\/wp\/v2\/tags?post=44478"}],"curies":[{"name":"wp","href":"https:\/\/api.w.org\/{rel}","templated":true}]}}