{"id":44482,"date":"2018-03-16T21:50:21","date_gmt":"2018-03-17T00:50:21","guid":{"rendered":"http:\/\/caririemacao.com\/1\/?p=44482"},"modified":"2018-03-16T21:50:21","modified_gmt":"2018-03-17T00:50:21","slug":"prefeitura-anuncia-edital-de-concurso-para-saude-e-educacao","status":"publish","type":"post","link":"https:\/\/www.caririemacao.com\/1\/2018\/03\/16\/prefeitura-anuncia-edital-de-concurso-para-saude-e-educacao\/","title":{"rendered":"Prefeitura anuncia edital de concurso para sa\u00fade e educa\u00e7\u00e3o"},"content":{"rendered":"<p>A Prefeitura de Guarabira est\u00e1 planejando a realiza\u00e7\u00e3o de concurso p\u00fablico para a contrata\u00e7\u00e3o de professores da rede municipal de ensino e t\u00e9cnicos de enfermagem. O prefeito Zen\u00f3bio Toscano (PSDB) informou que a prioridade \u00e9 para as vagas de educa\u00e7\u00e3o, para suprir a necessidade de pessoal.<\/p>\n<p>\u201cO que ocorre \u00e9 que estamos fazendo o concurso em fun\u00e7\u00e3o do grande numero de aposentados que tivemos e da expans\u00e3o do n\u00famero de matr\u00edculas escolares. Isso tudo nos obriga a fazer um concurso p\u00fablico\u201d, esclareceu.<\/p>\n<p>O gestor se reunir\u00e1 na pr\u00f3xima semana com a Comiss\u00e3o Permanente de Concurso da UEPB, que \u00e9 respons\u00e1vel pela realiza\u00e7\u00e3o de concursos na cidade, para definir as fun\u00e7\u00f5es, vagas, per\u00edodo de inscri\u00e7\u00f5es e data para aplica\u00e7\u00e3o das provas.<\/p>\n<p><strong>CARIRI EM A\u00c7\u00c3O<\/strong><\/p>\n<p><em>Com Mais PB\/Foto:\u00a0Reprodu\u00e7\u00e3o google<\/em><\/p>\n<p><strong>Leia mais not\u00edcias em\u00a0<\/strong><a href=\"http:\/\/www.caririemacao.com\/\"><strong>caririemacao.com<\/strong><\/a><strong>, siga nossa p\u00e1gina no\u00a0<\/strong><a href=\"https:\/\/www.facebook.com\/CaririEmAcao\/?ref=aymt_homepage_panel\"><strong>Facebook<\/strong><\/a>,<strong>\u00a0<\/strong><a href=\"https:\/\/www.instagram.com\/cariri_em_acao\/?hl=pt-br\"><strong>Instagram<\/strong><\/a><strong>\u00a0e\u00a0<\/strong><a href=\"https:\/\/www.youtube.com\/channel\/UCAptA0jQuYQy8vMhLt2m4qg\"><strong>Youtube<\/strong><\/a><strong>\u00a0e veja nossas mat\u00e9rias, v\u00eddeos e fotos. Voc\u00ea tamb\u00e9m pode enviar informa\u00e7\u00f5es \u00e0 Reda\u00e7\u00e3o do Portal Cariri em A\u00e7\u00e3o pelo WhatsApp (83) 9 9634.5791, (83) 9 9601-1162.<\/strong><\/p>\n","protected":false},"excerpt":{"rendered":"<p>A Prefeitura de Guarabira est\u00e1 planejando a realiza\u00e7\u00e3o de concurso p\u00fablico para a contrata\u00e7\u00e3o de professores da rede municipal de ensino e t\u00e9cnicos de enfermagem.&hellip; <\/p>\n","protected":false},"author":2,"featured_media":44483,"comment_status":"closed","ping_status":"closed","sticky":false,"template":"","format":"standard","meta":{"sfsi_plus_gutenberg_text_before_share":"","sfsi_plus_gutenberg_show_text_before_share":"","sfsi_plus_gutenberg_icon_type":"","sfsi_plus_gutenberg_icon_alignemt":"","sfsi_plus_gutenburg_max_per_row":"","footnotes":""},"categories":[2],"tags":[],"class_list":["post-44482","post","type-post","status-publish","format-standard","has-post-thumbnail","hentry","category-geral"],"_links":{"self":[{"href":"https:\/\/www.caririemacao.com\/1\/wp-json\/wp\/v2\/posts\/44482","targetHints":{"allow":["GET"]}}],"collection":[{"href":"https:\/\/www.caririemacao.com\/1\/wp-json\/wp\/v2\/posts"}],"about":[{"href":"https:\/\/www.caririemacao.com\/1\/wp-json\/wp\/v2\/types\/post"}],"author":[{"embeddable":true,"href":"https:\/\/www.caririemacao.com\/1\/wp-json\/wp\/v2\/users\/2"}],"replies":[{"embeddable":true,"href":"https:\/\/www.caririemacao.com\/1\/wp-json\/wp\/v2\/comments?post=44482"}],"version-history":[{"count":0,"href":"https:\/\/www.caririemacao.com\/1\/wp-json\/wp\/v2\/posts\/44482\/revisions"}],"wp:featuredmedia":[{"embeddable":true,"href":"https:\/\/www.caririemacao.com\/1\/wp-json\/wp\/v2\/media\/44483"}],"wp:attachment":[{"href":"https:\/\/www.caririemacao.com\/1\/wp-json\/wp\/v2\/media?parent=44482"}],"wp:term":[{"taxonomy":"category","embeddable":true,"href":"https:\/\/www.caririemacao.com\/1\/wp-json\/wp\/v2\/categories?post=44482"},{"taxonomy":"post_tag","embeddable":true,"href":"https:\/\/www.caririemacao.com\/1\/wp-json\/wp\/v2\/tags?post=44482"}],"curies":[{"name":"wp","href":"https:\/\/api.w.org\/{rel}","templated":true}]}}