{"id":44491,"date":"2018-03-16T22:08:57","date_gmt":"2018-03-17T01:08:57","guid":{"rendered":"http:\/\/caririemacao.com\/1\/?p=44491"},"modified":"2018-03-16T22:08:57","modified_gmt":"2018-03-17T01:08:57","slug":"temer-diz-que-entregou-mais-escrituras-que-governos-dos-ultimos-10-anos","status":"publish","type":"post","link":"https:\/\/www.caririemacao.com\/1\/2018\/03\/16\/temer-diz-que-entregou-mais-escrituras-que-governos-dos-ultimos-10-anos\/","title":{"rendered":"Temer diz que entregou mais escrituras que governos dos \u00faltimos 10 anos"},"content":{"rendered":"<p><span class=\"news_capital_letter\">E<\/span>m cerim\u00f4nia da entrega de t\u00edtulos fundi\u00e1rios, realizada na tarde desta sexta-feira (16) em Caraguatatuba (SP), o presidente Michel Temer destacou o volume de escrituras urbanas e rurais que seu governo tem entregue. As informa\u00e7\u00f5es s\u00e3o da Ag\u00eancia Brasil.<\/p>\n<p>&#8220;Apenas em 2017 nosso governo emitiu mais t\u00edtulos definitivos que governos anteriores nos \u00faltimos dez anos somados. T\u00eam assentados rurais que est\u00e3o h\u00e1 anos e anos sem receber o seu t\u00edtulo. Ou seja, fica numa situa\u00e7\u00e3o de precariedade. Por isso que essa cerim\u00f4nia simboliza mais que a entrega de um papel. Ela revela a dignidade da pessoa&#8221;, disse o presidente.<\/p>\n<p>Foram entregues 9 mil t\u00edtulos imobili\u00e1rios em Caraguatatuba, mas o presidente destacou que ministros de seu governo estavam &#8220;em v\u00e1rios estados&#8221; fazendo o mesmo. Segundo Temer, o total de t\u00edtulos entregues chega a quase 100 mil s\u00f3 este m\u00eas. No caso dos trabalhadores rurais, o governo tamb\u00e9m disponibiliza R$ 12 milh\u00f5es de cr\u00e9dito para iniciar a produ\u00e7\u00e3o. At\u00e9 o final do ano ser\u00e3o R$ 85 milh\u00f5es para esse fim.<\/p>\n<p>Estar no litoral norte de S\u00e3o Paulo fez o presidente lembrar da \u00e9poca que fazia campanha pol\u00edtica para deputado federal. Em ano de elei\u00e7\u00e3o, e ainda sem um candidato do governo para concorrer \u00e0 Presid\u00eancia, Temer disse &#8220;sentir saudade&#8221; da \u00e9poca de campanha.<\/p>\n<p>&#8220;Olho para o audit\u00f3rio e vejo com alegria tantas fisionomias conhecidas. Come\u00e7o a sentir saudade do tempo que eu fazia campanha para deputado federal. Porque eu tive seis mandatos, ent\u00e3o percorria todos os munic\u00edpios. Mas essa regi\u00e3o de Caragu\u00e1 [Caraguatatuba], Ilhabela, essa regi\u00e3o eu frequentava muito. Toda vez que a gente vem aqui, a gente se sente em casa&#8221;. Com informa\u00e7\u00f5es da Folhapress.<\/p>\n<p><strong>CARIRI EM A\u00c7\u00c3O<\/strong><\/p>\n<p><em>Com Folhapress\/Foto: Reprodu\u00e7\u00e3o google<\/em><\/p>\n<p><strong>Leia mais not\u00edcias em\u00a0<\/strong><a href=\"http:\/\/www.caririemacao.com\/\"><strong>caririemacao.com<\/strong><\/a><strong>, siga nossa p\u00e1gina no\u00a0<\/strong><a href=\"https:\/\/www.facebook.com\/CaririEmAcao\/?ref=aymt_homepage_panel\"><strong>Facebook<\/strong><\/a>,<strong>\u00a0<\/strong><a href=\"https:\/\/www.instagram.com\/cariri_em_acao\/?hl=pt-br\"><strong>Instagram<\/strong><\/a><strong>\u00a0e\u00a0<\/strong><a href=\"https:\/\/www.youtube.com\/channel\/UCAptA0jQuYQy8vMhLt2m4qg\"><strong>Youtube<\/strong><\/a><strong>\u00a0e veja nossas mat\u00e9rias, v\u00eddeos e fotos. Voc\u00ea tamb\u00e9m pode enviar informa\u00e7\u00f5es \u00e0 Reda\u00e7\u00e3o do Portal Cariri em A\u00e7\u00e3o pelo WhatsApp (83) 9 9634.5791, (83) 9 9601-1162.<\/strong><\/p>\n","protected":false},"excerpt":{"rendered":"<p>Em cerim\u00f4nia da entrega de t\u00edtulos fundi\u00e1rios, realizada na tarde desta sexta-feira (16) em Caraguatatuba (SP), o presidente Michel Temer destacou o volume de escrituras&hellip; <\/p>\n","protected":false},"author":2,"featured_media":44492,"comment_status":"closed","ping_status":"closed","sticky":false,"template":"","format":"standard","meta":{"sfsi_plus_gutenberg_text_before_share":"","sfsi_plus_gutenberg_show_text_before_share":"","sfsi_plus_gutenberg_icon_type":"","sfsi_plus_gutenberg_icon_alignemt":"","sfsi_plus_gutenburg_max_per_row":"","footnotes":""},"categories":[11],"tags":[],"class_list":["post-44491","post","type-post","status-publish","format-standard","has-post-thumbnail","hentry","category-politica"],"_links":{"self":[{"href":"https:\/\/www.caririemacao.com\/1\/wp-json\/wp\/v2\/posts\/44491","targetHints":{"allow":["GET"]}}],"collection":[{"href":"https:\/\/www.caririemacao.com\/1\/wp-json\/wp\/v2\/posts"}],"about":[{"href":"https:\/\/www.caririemacao.com\/1\/wp-json\/wp\/v2\/types\/post"}],"author":[{"embeddable":true,"href":"https:\/\/www.caririemacao.com\/1\/wp-json\/wp\/v2\/users\/2"}],"replies":[{"embeddable":true,"href":"https:\/\/www.caririemacao.com\/1\/wp-json\/wp\/v2\/comments?post=44491"}],"version-history":[{"count":0,"href":"https:\/\/www.caririemacao.com\/1\/wp-json\/wp\/v2\/posts\/44491\/revisions"}],"wp:featuredmedia":[{"embeddable":true,"href":"https:\/\/www.caririemacao.com\/1\/wp-json\/wp\/v2\/media\/44492"}],"wp:attachment":[{"href":"https:\/\/www.caririemacao.com\/1\/wp-json\/wp\/v2\/media?parent=44491"}],"wp:term":[{"taxonomy":"category","embeddable":true,"href":"https:\/\/www.caririemacao.com\/1\/wp-json\/wp\/v2\/categories?post=44491"},{"taxonomy":"post_tag","embeddable":true,"href":"https:\/\/www.caririemacao.com\/1\/wp-json\/wp\/v2\/tags?post=44491"}],"curies":[{"name":"wp","href":"https:\/\/api.w.org\/{rel}","templated":true}]}}