{"id":44494,"date":"2018-03-16T22:13:44","date_gmt":"2018-03-17T01:13:44","guid":{"rendered":"http:\/\/caririemacao.com\/1\/?p=44494"},"modified":"2018-03-16T22:13:44","modified_gmt":"2018-03-17T01:13:44","slug":"delator-da-odebrecht-desmente-versao-da-oas-diz-defesa-de-lula","status":"publish","type":"post","link":"https:\/\/www.caririemacao.com\/1\/2018\/03\/16\/delator-da-odebrecht-desmente-versao-da-oas-diz-defesa-de-lula\/","title":{"rendered":"Delator da Odebrecht desmente vers\u00e3o da OAS, diz defesa de Lula"},"content":{"rendered":"<p><span class=\"news_capital_letter\">\u00c0<\/span>s v\u00e9speras do julgamento dos recursos do ex-presidente Luiz In\u00e1cio Lula da Silva pelo TRF-4 (Tribunal Regional Federal da 4\u00aa Regi\u00e3o), sua defesa protocolou na tarde desta sexta (16) peti\u00e7\u00e3o pedindo a absolvi\u00e7\u00e3o do petista e a nulidade do caso do tr\u00edplex em Guaruj\u00e1 (SP), com base no que um ex-diretor da Odebrecht que se tornou delator disse em um depoimento recente.<\/p>\n<p>Em depoimento ao juiz Sergio Moro no dia 23 de fevereiro, o ex-diretor da empreiteira M\u00e1rcio Faria afirmou que, nos acertos entre as construtoras que participaram dos contratos firmados pelo cons\u00f3rcio Rnest\/Conest com a Petrobras, coube \u00e0 Odebrecht pagar a propina que seria destinada ao ex-diretor de Servi\u00e7os da estatal, Renato Duque, e ao PT.<\/p>\n<p>Com isso, argumentam os advogados de Lula, ficaria demonstrado que a empreiteira OAS n\u00e3o teve nenhuma responsabilidade por pagamentos destinados ao PT nesse contrato, um dos aspectos centrais da den\u00fancia da Procuradoria-Geral da Rep\u00fablica que levou \u00e0 condena\u00e7\u00e3o de Lula por corrup\u00e7\u00e3o passiva no caso do tr\u00edplex.<\/p>\n<p>O ex-presidente da OAS L\u00e9o Pinheiro afirmou que as despesas com a reforma do tr\u00edplex eram parte dos pagamentos que ele acertara com o ex-tesoureiro do PT Jo\u00e3o Vaccari Neto para garantir seus contratos na Petrobras. Em declara\u00e7\u00e3o \u00e0 Justi\u00e7a ap\u00f3s a condena\u00e7\u00e3o de Lula, Vaccari afirmou que n\u00e3o fez nenhum acordo desse tipo com o empreiteiro.<\/p>\n<p>Moro condenou Lula no ano passado a 9 anos e 6 meses de pris\u00e3o, por corrup\u00e7\u00e3o e lavagem de dinheiro. Em janeiro, o TRF-4 manteve a condena\u00e7\u00e3o e aumentou sua pena para 12 anos e um m\u00eas de pris\u00e3o.<\/p>\n<p>Na mesma peti\u00e7\u00e3o, a defesa do petista juntou v\u00eddeos e declara\u00e7\u00f5es que demonstrariam o que chama de &#8220;ins\u00f3lita participa\u00e7\u00e3o de autoridades norte-americanas na constru\u00e7\u00e3o do caso Lava Jato e no encaminhamento do processo relativo ao apartamento tr\u00edplex&#8221;.<\/p>\n<p>Os advogados citam declara\u00e7\u00f5es de Kenneth Blanco, ent\u00e3o vice-procurador-geral adjunto do Departamento de Justi\u00e7a dos Estados Unidos, e Trevor Mc Fadden, ent\u00e3o subsecret\u00e1rio-geral de Justi\u00e7a adjunto interino dos EUA, durante evento sobre o combate \u00e0 corrup\u00e7\u00e3o no Brasil e a coopera\u00e7\u00e3o com a Lava Jato, em julho do ano passado.<\/p>\n<p>&#8220;Tal confian\u00e7a, como alguns aqui dizem confian\u00e7a, permite que promotores e agentes tenham comunica\u00e7\u00e3o direta quanto \u00e0s provas. Dado o relacionamento \u00edntimo entre o Departamento de Justi\u00e7a e os promotores brasileiros, n\u00e3o dependemos apenas de procedimentos oficiais como tratados de assist\u00eancia jur\u00eddica m\u00fatua, que geralmente levam tempo e recursos consider\u00e1veis para serem escritos, traduzidos, transmitidos oficialmente e respondidos&#8221;, disse Blanco no evento, realizado pelo Atlantic Council, em Washington.<\/p>\n<p>Ele cita a condena\u00e7\u00e3o do ex-presidente Lula como um dos casos resultantes da coopera\u00e7\u00e3o com o Minist\u00e9rio P\u00fablico Federal.<\/p>\n<p>Os advogados do ex-presidente dizem que a coopera\u00e7\u00e3o, &#8220;sem qualquer registro e realizada fora dos canais oficiais&#8221;, n\u00e3o \u00e9 compat\u00edvel com o decreto que estabeleceu o Acordo de Assist\u00eancia Judici\u00e1ria em Mat\u00e9ria Penal entre o governo da Rep\u00fablica Federativa do Brasil e o governo dos Estados Unidos da Am\u00e9rica, de outubro de 1997.<\/p>\n<p>O acordo diz que toda solicita\u00e7\u00e3o de assist\u00eancia em mat\u00e9ria penal aos Estados Unidos deve ser feita pelo Minist\u00e9rio da Justi\u00e7a. &#8220;No processo, todavia, e ao que se tenha conhecimento, inexiste qualquer registro da participa\u00e7\u00e3o do minist\u00e9rio na coopera\u00e7\u00e3o confessada pelos agentes norte-americanos&#8221;, afirma a defesa de Lula.<\/p>\n<p>Os advogados pedem que o Minist\u00e9rio P\u00fablico Federal seja notificado a esclarecer o que chamam de &#8220;inusitada forma de coopera\u00e7\u00e3o sem a observ\u00e2ncia dos &#8220;procedimentos oficiais&#8221; e baseada na &#8220;confian\u00e7a&#8221; especificamente sobre o caso de Lula&#8221;.<\/p>\n<p><strong>CARIRI EM A\u00c7\u00c3O<\/strong><\/p>\n<p><em>Com Folhapress\/Foto: Reprodu\u00e7\u00e3o google<\/em><\/p>\n<p><strong>Leia mais not\u00edcias em\u00a0<\/strong><a href=\"http:\/\/www.caririemacao.com\/\"><strong>caririemacao.com<\/strong><\/a><strong>, siga nossa p\u00e1gina no\u00a0<\/strong><a href=\"https:\/\/www.facebook.com\/CaririEmAcao\/?ref=aymt_homepage_panel\"><strong>Facebook<\/strong><\/a>,<strong>\u00a0<\/strong><a href=\"https:\/\/www.instagram.com\/cariri_em_acao\/?hl=pt-br\"><strong>Instagram<\/strong><\/a><strong>\u00a0e\u00a0<\/strong><a href=\"https:\/\/www.youtube.com\/channel\/UCAptA0jQuYQy8vMhLt2m4qg\"><strong>Youtube<\/strong><\/a><strong>\u00a0e veja nossas mat\u00e9rias, v\u00eddeos e fotos. Voc\u00ea tamb\u00e9m pode enviar informa\u00e7\u00f5es \u00e0 Reda\u00e7\u00e3o do Portal Cariri em A\u00e7\u00e3o pelo WhatsApp (83) 9 9634.5791, (83) 9 9601-1162.<\/strong><\/p>\n","protected":false},"excerpt":{"rendered":"<p>\u00c0s v\u00e9speras do julgamento dos recursos do ex-presidente Luiz In\u00e1cio Lula da Silva pelo TRF-4 (Tribunal Regional Federal da 4\u00aa Regi\u00e3o), sua defesa protocolou na&hellip; <\/p>\n","protected":false},"author":2,"featured_media":11047,"comment_status":"closed","ping_status":"closed","sticky":false,"template":"","format":"standard","meta":{"sfsi_plus_gutenberg_text_before_share":"","sfsi_plus_gutenberg_show_text_before_share":"","sfsi_plus_gutenberg_icon_type":"","sfsi_plus_gutenberg_icon_alignemt":"","sfsi_plus_gutenburg_max_per_row":"","footnotes":""},"categories":[11],"tags":[],"class_list":["post-44494","post","type-post","status-publish","format-standard","has-post-thumbnail","hentry","category-politica"],"_links":{"self":[{"href":"https:\/\/www.caririemacao.com\/1\/wp-json\/wp\/v2\/posts\/44494","targetHints":{"allow":["GET"]}}],"collection":[{"href":"https:\/\/www.caririemacao.com\/1\/wp-json\/wp\/v2\/posts"}],"about":[{"href":"https:\/\/www.caririemacao.com\/1\/wp-json\/wp\/v2\/types\/post"}],"author":[{"embeddable":true,"href":"https:\/\/www.caririemacao.com\/1\/wp-json\/wp\/v2\/users\/2"}],"replies":[{"embeddable":true,"href":"https:\/\/www.caririemacao.com\/1\/wp-json\/wp\/v2\/comments?post=44494"}],"version-history":[{"count":0,"href":"https:\/\/www.caririemacao.com\/1\/wp-json\/wp\/v2\/posts\/44494\/revisions"}],"wp:featuredmedia":[{"embeddable":true,"href":"https:\/\/www.caririemacao.com\/1\/wp-json\/wp\/v2\/media\/11047"}],"wp:attachment":[{"href":"https:\/\/www.caririemacao.com\/1\/wp-json\/wp\/v2\/media?parent=44494"}],"wp:term":[{"taxonomy":"category","embeddable":true,"href":"https:\/\/www.caririemacao.com\/1\/wp-json\/wp\/v2\/categories?post=44494"},{"taxonomy":"post_tag","embeddable":true,"href":"https:\/\/www.caririemacao.com\/1\/wp-json\/wp\/v2\/tags?post=44494"}],"curies":[{"name":"wp","href":"https:\/\/api.w.org\/{rel}","templated":true}]}}