{"id":44499,"date":"2018-03-16T22:24:09","date_gmt":"2018-03-17T01:24:09","guid":{"rendered":"http:\/\/caririemacao.com\/1\/?p=44499"},"modified":"2018-03-16T22:24:09","modified_gmt":"2018-03-17T01:24:09","slug":"municao-usada-na-morte-de-marielle-foi-roubada-na-paraiba","status":"publish","type":"post","link":"https:\/\/www.caririemacao.com\/1\/2018\/03\/16\/municao-usada-na-morte-de-marielle-foi-roubada-na-paraiba\/","title":{"rendered":"Muni\u00e7\u00e3o usada na morte de Marielle foi roubada na Para\u00edba"},"content":{"rendered":"<div class=\"mc-column content-text active-extra-styles active-capital-letter\" data-block-type=\"unstyled\" data-block-weight=\"30\" data-block-id=\"2\">\n<p class=\"content-text__container theme-color-primary-first-letter\" data-track-category=\"Link no Texto\" data-track-links=\"\">O ministro da Seguran\u00e7a P\u00fablica, Raul Jungmann, afirmou nesta sexta-feira (16) que a muni\u00e7\u00e3o usada na\u00a0morte da vereadora Marielle Franco\u00a0(PSOL-RJ) foi roubada na sede dos Correios na Para\u00edba.<\/p>\n<\/div>\n<div class=\"mc-column content-text active-extra-styles \" data-block-type=\"unstyled\" data-block-weight=\"28\" data-block-id=\"3\">\n<p class=\"content-text__container \" data-track-category=\"Link no Texto\" data-track-links=\"\">Jungmann deu a informa\u00e7\u00e3o ao comentar o fato de a muni\u00e7\u00e3o encontrada na cena do crime pertencer a um\u00a0lote vendido \u00e0 Pol\u00edcia Federal\u00a0de Bras\u00edlia em 2006.<\/p>\n<\/div>\n<div class=\"mc-column content-text active-extra-styles \" data-block-type=\"unstyled\" data-block-weight=\"35\" data-block-id=\"4\">\n<p class=\"content-text__container \" data-track-category=\"Link no Texto\" data-track-links=\"\">\u201cEssa muni\u00e7\u00e3o foi roubada na sede dos Correios, pela informa\u00e7\u00e3o que eu tenho, anos atr\u00e1s na Para\u00edba. E a Pol\u00edcia Federal j\u00e1 abriu mais de 50 inqu\u00e9ritos por conta dessa muni\u00e7\u00e3o desviada\u201d, afirmou o ministro.<\/p>\n<\/div>\n<div class=\"mc-column content-text active-extra-styles \" data-block-type=\"unstyled\" data-block-weight=\"58\" data-block-id=\"5\">\n<p class=\"content-text__container \" data-track-category=\"Link no Texto\" data-track-links=\"\">\u201cEu acredito que essas c\u00e1psulas que foram encontradas na cena do crime, este b\u00e1rbaro crime, foram efetivamente roubadas. E, tamb\u00e9m, t\u00eam a ver com a\u00a0chacina de Osasco, que j\u00e1 se sabe, e que a Pol\u00edcia Federal est\u00e1 fazendo todo seu rastreamento, levantando todos os dados e vai apresentar muito em breve as conclus\u00f5es \u00e0s quais chegou\u201d, completou.<\/p>\n<\/div>\n<div class=\"mc-column content-media content-media--normal  content-photo\" data-block-type=\"backstage-photo\" data-block-id=\"6\">\n<div class=\"content-media__container\">\n<div class=\"content-media__description-centered \">\n<p class=\"content-media__description\"><i class=\"content-media__description__icon theme-color-primary\"><\/i><span class=\"content-media__description__caption\">Marielle Franco, vereadora do PSOL-RJ, assassinada na \u00faltima quarta (14) (Foto: M\u00e1rio Vasconcellos\/C\u00e2mara do Rio)<\/span><\/p>\n<\/div>\n<\/div>\n<\/div>\n<div class=\"mc-column content-text active-extra-styles \" data-block-type=\"unstyled\" data-block-weight=\"17\" data-block-id=\"7\">\n<p class=\"content-text__container \" data-track-category=\"Link no Texto\" data-track-links=\"\">Quinta vereadora\u00a0mais votada do Rio\u00a0em 2016, Marielle Franco foi\u00a0assassinada a tiros na \u00faltima quarta.<\/p>\n<\/div>\n<div class=\"mc-column content-text active-extra-styles \" data-block-type=\"unstyled\" data-block-weight=\"33\" data-block-id=\"8\">\n<p class=\"content-text__container \" data-track-category=\"Link no Texto\" data-track-links=\"\">A morte dela causou grande repercuss\u00e3o, a ponto de pessoas\u00a0em todo o pa\u00eds\u00a0se manifestarem contra a viol\u00eancia, e o governo federal anunciar que concentrar\u00e1 \u201ctodos os esfor\u00e7os\u201d em encontrar os assassinos.<\/p>\n<\/div>\n<div class=\"mc-column content-text active-extra-styles \" data-block-type=\"unstyled\" data-block-weight=\"23\" data-block-id=\"10\">\n<p class=\"content-text__container \" data-track-category=\"Link no Texto\" data-track-links=\"\">Segundo Raul Jungmann, a Pol\u00edcia Federal determinou ao melhor especialista em impress\u00f5es digitais e em DNA que colha o material gen\u00e9tico nas c\u00e1psulas.<\/p>\n<\/div>\n<div class=\"mc-column content-text active-extra-styles \" data-block-type=\"unstyled\" data-block-weight=\"34\" data-block-id=\"11\">\n<p class=\"content-text__container \" data-track-category=\"Link no Texto\" data-track-links=\"\">\u201cA PF tem um banco de dados e vai colocar esse material coletado para identificar [impress\u00f5es digitais], o que j\u00e1 seria uma pista segura no que diz respeito a quem realizou o crime\u201d, completou.<\/p>\n<\/div>\n<div class=\"mc-column content-text active-extra-styles\" data-block-type=\"raw\" data-block-weight=\"3\" data-block-id=\"12\">\n<div class=\"content-intertitle\">\n<h2>Federaliza\u00e7\u00e3o das investiga\u00e7\u00f5es<\/h2>\n<\/div>\n<\/div>\n<div class=\"mc-column content-text active-extra-styles \" data-block-type=\"unstyled\" data-block-weight=\"24\" data-block-id=\"13\">\n<p class=\"content-text__container \" data-track-category=\"Link no Texto\" data-track-links=\"\">Sobre se as investiga\u00e7\u00f5es podem ser federalizadas, Raul Jungmann destacou que a Pol\u00edcia Federal e a Pol\u00edcia Civil do Rio j\u00e1 trabalham em conjunto.<\/p>\n<\/div>\n<div class=\"mc-column content-text active-extra-styles \" data-block-type=\"unstyled\" data-block-weight=\"29\" data-block-id=\"14\">\n<p class=\"content-text__container \" data-track-category=\"Link no Texto\" data-track-links=\"\">Nesta quinta (15), a Procuradoria Geral da Rep\u00fablica informou que estuda\u00a0pedir a federaliza\u00e7\u00e3o das investiga\u00e7\u00f5es. Se o pedido for apresentado, caber\u00e1 ao Superior Tribunal de Justi\u00e7a (STJ) decidir.<\/p>\n<\/div>\n<div class=\"mc-column content-text active-extra-styles\" data-block-type=\"raw\" data-block-weight=\"2\" data-block-id=\"15\">\n<div class=\"content-intertitle\">\n<h2>Interven\u00e7\u00e3o federal<\/h2>\n<\/div>\n<\/div>\n<div class=\"mc-column content-text active-extra-styles \" data-block-type=\"unstyled\" data-block-weight=\"20\" data-block-id=\"16\">\n<p class=\"content-text__container \" data-track-category=\"Link no Texto\" data-track-links=\"\">A seguran\u00e7a p\u00fablica no Rio de Janeiro est\u00e1 sob\u00a0interven\u00e7\u00e3o federal\u00a0h\u00e1 um m\u00eas, por decis\u00e3o do presidente Michel Temer.<\/p>\n<\/div>\n<div class=\"mc-column content-text active-extra-styles \" data-block-type=\"unstyled\" data-block-weight=\"35\" data-block-id=\"17\">\n<p class=\"content-text__container \" data-track-category=\"Link no Texto\" data-track-links=\"\">Sobre as medidas adotadas at\u00e9 agora, Jungmann afirmou que, se o objetivo dos assasinos de Marielle Franco for \u201cabalar\u201d ou \u201cconfrontar\u201d a interven\u00e7\u00e3o, pode-se avaliar que a a\u00e7\u00e3o federal no Rio est\u00e1 \u201cno caminho certo\u201d.<\/p>\n<p class=\"content-text__container \" data-track-category=\"Link no Texto\" data-track-links=\"\">\u201cIsso n\u00e3o nos abala. \u00c9 uma trag\u00e9dia que n\u00f3s gostar\u00edamos que nunca acontecesse, mas isso s\u00f3 nos d\u00e1 mais determina\u00e7\u00e3o e mais for\u00e7a para seguir adiante, n\u00e3o tenham a menor sombra de d\u00favida\u201d, concluiu.<\/p>\n<p><strong>CARIRI EM A\u00c7\u00c3O<\/strong><\/p>\n<p><em>Com G1\/Foto: G1<\/em><\/p>\n<p><strong>Leia mais not\u00edcias em\u00a0<\/strong><a href=\"http:\/\/www.caririemacao.com\/\"><strong>caririemacao.com<\/strong><\/a><strong>, siga nossa p\u00e1gina no\u00a0<\/strong><a href=\"https:\/\/www.facebook.com\/CaririEmAcao\/?ref=aymt_homepage_panel\"><strong>Facebook<\/strong><\/a>,<strong>\u00a0<\/strong><a href=\"https:\/\/www.instagram.com\/cariri_em_acao\/?hl=pt-br\"><strong>Instagram<\/strong><\/a><strong>\u00a0e\u00a0<\/strong><a href=\"https:\/\/www.youtube.com\/channel\/UCAptA0jQuYQy8vMhLt2m4qg\"><strong>Youtube<\/strong><\/a><strong>\u00a0e veja nossas mat\u00e9rias, v\u00eddeos e fotos. Voc\u00ea tamb\u00e9m pode enviar informa\u00e7\u00f5es \u00e0 Reda\u00e7\u00e3o do Portal Cariri em A\u00e7\u00e3o pelo WhatsApp (83) 9 9634.5791, (83) 9 9601-1162.<\/strong><\/p>\n<\/div>\n","protected":false},"excerpt":{"rendered":"<p>O ministro da Seguran\u00e7a P\u00fablica, Raul Jungmann, afirmou nesta sexta-feira (16) que a muni\u00e7\u00e3o usada na\u00a0morte da vereadora Marielle Franco\u00a0(PSOL-RJ) foi roubada na sede dos&hellip; <\/p>\n","protected":false},"author":2,"featured_media":44500,"comment_status":"closed","ping_status":"closed","sticky":false,"template":"","format":"standard","meta":{"sfsi_plus_gutenberg_text_before_share":"","sfsi_plus_gutenberg_show_text_before_share":"","sfsi_plus_gutenberg_icon_type":"","sfsi_plus_gutenberg_icon_alignemt":"","sfsi_plus_gutenburg_max_per_row":"","footnotes":""},"categories":[12],"tags":[],"class_list":["post-44499","post","type-post","status-publish","format-standard","has-post-thumbnail","hentry","category-policia"],"_links":{"self":[{"href":"https:\/\/www.caririemacao.com\/1\/wp-json\/wp\/v2\/posts\/44499","targetHints":{"allow":["GET"]}}],"collection":[{"href":"https:\/\/www.caririemacao.com\/1\/wp-json\/wp\/v2\/posts"}],"about":[{"href":"https:\/\/www.caririemacao.com\/1\/wp-json\/wp\/v2\/types\/post"}],"author":[{"embeddable":true,"href":"https:\/\/www.caririemacao.com\/1\/wp-json\/wp\/v2\/users\/2"}],"replies":[{"embeddable":true,"href":"https:\/\/www.caririemacao.com\/1\/wp-json\/wp\/v2\/comments?post=44499"}],"version-history":[{"count":0,"href":"https:\/\/www.caririemacao.com\/1\/wp-json\/wp\/v2\/posts\/44499\/revisions"}],"wp:featuredmedia":[{"embeddable":true,"href":"https:\/\/www.caririemacao.com\/1\/wp-json\/wp\/v2\/media\/44500"}],"wp:attachment":[{"href":"https:\/\/www.caririemacao.com\/1\/wp-json\/wp\/v2\/media?parent=44499"}],"wp:term":[{"taxonomy":"category","embeddable":true,"href":"https:\/\/www.caririemacao.com\/1\/wp-json\/wp\/v2\/categories?post=44499"},{"taxonomy":"post_tag","embeddable":true,"href":"https:\/\/www.caririemacao.com\/1\/wp-json\/wp\/v2\/tags?post=44499"}],"curies":[{"name":"wp","href":"https:\/\/api.w.org\/{rel}","templated":true}]}}