{"id":44502,"date":"2018-03-16T22:36:42","date_gmt":"2018-03-17T01:36:42","guid":{"rendered":"http:\/\/caririemacao.com\/1\/?p=44502"},"modified":"2018-03-16T22:36:42","modified_gmt":"2018-03-17T01:36:42","slug":"dodge-diz-esperar-que-mudanca-na-pf-aumente-efetivo-da-lava-jato","status":"publish","type":"post","link":"https:\/\/www.caririemacao.com\/1\/2018\/03\/16\/dodge-diz-esperar-que-mudanca-na-pf-aumente-efetivo-da-lava-jato\/","title":{"rendered":"Dodge diz esperar que mudan\u00e7a na PF aumente efetivo da Lava Jato"},"content":{"rendered":"<p><span class=\"news_capital_letter\">A\u00a0<\/span>procuradora\u00a0regional da Rep\u00fablica da 4\u00aa Regi\u00e3o, Maria Emilia da Costa Dick, afirmou na tarde desta sexta-feira (16) que espera que a recente mudan\u00e7a na dire\u00e7\u00e3o da Pol\u00edcia Federal aumente o efetivo de agentes e delegados trabalhando diretamente na Lava Jato.<\/p>\n<p>A declara\u00e7\u00e3o foi feita durante entrevista \u00e0 imprensa na sede da PRR-4, em Porto Alegre, em fun\u00e7\u00e3o dos quatro anos da opera\u00e7\u00e3o, que se completam neste s\u00e1bado (17). Tamb\u00e9m participaram do evento Deltan Dallagnol, coordenador da for\u00e7a-tarefa no Paran\u00e1, Eduardo El-Hage, coordenador da for\u00e7a-tarefa no Rio de Janeiro, Carlos Aguiar, procurador regional da Rep\u00fablica da 2\u00aa Regi\u00e3o, e Francisco Sanseverino, subprocurador-geral da Rep\u00fablica.<\/p>\n<p>Dick disse ser um fato a redu\u00e7\u00e3o do efetivo da Pol\u00edcia Federal que atua diretamente na Lava Jato e afirmou ter esperan\u00e7a de que a situa\u00e7\u00e3o se altere. &#8220;Com a pr\u00f3pria mudan\u00e7a na dire\u00e7\u00e3o da Pol\u00edcia Federal \u00e9 poss\u00edvel que isso se modifique. Nesse momento, a nossa esperan\u00e7a \u00e9 da retomada dessa atua\u00e7\u00e3o mais numerosa.&#8221;<\/p>\n<p>O novo diretor-geral da Pol\u00edcia Federal, Rog\u00e9rio Galloro, tomou posse neste m\u00eas, substituindo Fernando Segovia.<\/p>\n<p>A procuradora tamb\u00e9m ressaltou que uma nova for\u00e7a-tarefa se inicia em S\u00e3o Paulo, abrindo outras frentes de investiga\u00e7\u00e3o.<\/p>\n<p>Os presentes bateram diversas vezes na tecla da pris\u00e3o ap\u00f3s condena\u00e7\u00e3o em segunda inst\u00e2ncia. Dallagnol afirmou que este foi o tema escolhido para nortear as falas dos procuradores, defendendo que a proibi\u00e7\u00e3o da medida, que pode ser rediscutida no STF (Supremo Tribunal Federal), enterraria o combate \u00e0 corrup\u00e7\u00e3o.<\/p>\n<p><strong>CARIRI EM A\u00c7\u00c3O<\/strong><\/p>\n<p><em>Com Folhapress\/Foto: Reprodu\u00e7\u00e3o google<\/em><\/p>\n<p><strong>Leia mais not\u00edcias em\u00a0<\/strong><a href=\"http:\/\/www.caririemacao.com\/\"><strong>caririemacao.com<\/strong><\/a><strong>, siga nossa p\u00e1gina no\u00a0<\/strong><a href=\"https:\/\/www.facebook.com\/CaririEmAcao\/?ref=aymt_homepage_panel\"><strong>Facebook<\/strong><\/a>,<strong>\u00a0<\/strong><a href=\"https:\/\/www.instagram.com\/cariri_em_acao\/?hl=pt-br\"><strong>Instagram<\/strong><\/a><strong>\u00a0e\u00a0<\/strong><a href=\"https:\/\/www.youtube.com\/channel\/UCAptA0jQuYQy8vMhLt2m4qg\"><strong>Youtube<\/strong><\/a><strong>\u00a0e veja nossas mat\u00e9rias, v\u00eddeos e fotos. Voc\u00ea tamb\u00e9m pode enviar informa\u00e7\u00f5es \u00e0 Reda\u00e7\u00e3o do Portal Cariri em A\u00e7\u00e3o pelo WhatsApp (83) 9 9634.5791, (83) 9 9601-1162.<\/strong><\/p>\n","protected":false},"excerpt":{"rendered":"<p>A\u00a0procuradora\u00a0regional da Rep\u00fablica da 4\u00aa Regi\u00e3o, Maria Emilia da Costa Dick, afirmou na tarde desta sexta-feira (16) que espera que a recente mudan\u00e7a na dire\u00e7\u00e3o&hellip; <\/p>\n","protected":false},"author":2,"featured_media":44503,"comment_status":"closed","ping_status":"closed","sticky":false,"template":"","format":"standard","meta":{"sfsi_plus_gutenberg_text_before_share":"","sfsi_plus_gutenberg_show_text_before_share":"","sfsi_plus_gutenberg_icon_type":"","sfsi_plus_gutenberg_icon_alignemt":"","sfsi_plus_gutenburg_max_per_row":"","footnotes":""},"categories":[11],"tags":[],"class_list":["post-44502","post","type-post","status-publish","format-standard","has-post-thumbnail","hentry","category-politica"],"_links":{"self":[{"href":"https:\/\/www.caririemacao.com\/1\/wp-json\/wp\/v2\/posts\/44502","targetHints":{"allow":["GET"]}}],"collection":[{"href":"https:\/\/www.caririemacao.com\/1\/wp-json\/wp\/v2\/posts"}],"about":[{"href":"https:\/\/www.caririemacao.com\/1\/wp-json\/wp\/v2\/types\/post"}],"author":[{"embeddable":true,"href":"https:\/\/www.caririemacao.com\/1\/wp-json\/wp\/v2\/users\/2"}],"replies":[{"embeddable":true,"href":"https:\/\/www.caririemacao.com\/1\/wp-json\/wp\/v2\/comments?post=44502"}],"version-history":[{"count":0,"href":"https:\/\/www.caririemacao.com\/1\/wp-json\/wp\/v2\/posts\/44502\/revisions"}],"wp:featuredmedia":[{"embeddable":true,"href":"https:\/\/www.caririemacao.com\/1\/wp-json\/wp\/v2\/media\/44503"}],"wp:attachment":[{"href":"https:\/\/www.caririemacao.com\/1\/wp-json\/wp\/v2\/media?parent=44502"}],"wp:term":[{"taxonomy":"category","embeddable":true,"href":"https:\/\/www.caririemacao.com\/1\/wp-json\/wp\/v2\/categories?post=44502"},{"taxonomy":"post_tag","embeddable":true,"href":"https:\/\/www.caririemacao.com\/1\/wp-json\/wp\/v2\/tags?post=44502"}],"curies":[{"name":"wp","href":"https:\/\/api.w.org\/{rel}","templated":true}]}}