{"id":44506,"date":"2018-03-16T23:20:20","date_gmt":"2018-03-17T02:20:20","guid":{"rendered":"http:\/\/caririemacao.com\/1\/?p=44506"},"modified":"2018-03-16T23:20:20","modified_gmt":"2018-03-17T02:20:20","slug":"eden-duarte-sera-o-entrevistado-do-programa-cariri-em-acao-deste-sabado-17-na-95-fm","status":"publish","type":"post","link":"https:\/\/www.caririemacao.com\/1\/2018\/03\/16\/eden-duarte-sera-o-entrevistado-do-programa-cariri-em-acao-deste-sabado-17-na-95-fm\/","title":{"rendered":"\u00c9den Duarte ser\u00e1 o entrevistado do programa Cariri em A\u00e7\u00e3o deste s\u00e1bado (17) na 95 FM"},"content":{"rendered":"<p>O programa Cariri em A\u00e7\u00e3o, deste s\u00e1bado, dia 17, na r\u00e1dio 95 FM,\u00a0 ser\u00e1 o prefeito de Sum\u00e9, \u00c9den Duarte.<\/p>\n<p>\u00c9den participa do programa para falar sobre sua agenda em Bras\u00edlia e Jo\u00e3o Pessoa durante esta semana, inaugura\u00e7\u00e3o de obras, sobre audi\u00eancia do Or\u00e7amento Democr\u00e1tico Estadual e Municipal, al\u00e9m do anivers\u00e1rio de Sum\u00e9 e outros assuntos de interesse da popula\u00e7\u00e3o.<\/p>\n<p>N\u00e3o perca o programa deste s\u00e1bado, dia 17, que inicia \u00e0s 8h e termina as 9h. Voc\u00ea pode acompanhar pelo site da emissora:\u00a0<a style=\"font-style: inherit; font-weight: inherit;\" href=\"http:\/\/www.95fmsume.com.br\/\">www.95fmsume.com.br<\/a>\u00a0ou na p\u00e1gina do Cariri em A\u00e7\u00e3o:\u00a0<a style=\"font-style: inherit; font-weight: inherit;\" href=\"https:\/\/www.facebook.com\/CaririEmAcao\/\">https:\/\/www.facebook.com\/CaririEmAcao\/<\/a>.<\/p>\n<p><strong style=\"font-style: inherit;\">CARIRI EM A\u00c7\u00c3O<\/strong><em style=\"font-weight: inherit;\">\u00a0<\/em><\/p>\n<p><strong style=\"font-style: inherit;\">Leia mais not\u00edcias em\u00a0<\/strong><a style=\"font-style: inherit; font-weight: inherit;\" href=\"http:\/\/www.caririemacao.com\/\"><strong style=\"font-style: inherit;\">caririemacao.com<\/strong><\/a><strong style=\"font-style: inherit;\">, siga nossa p\u00e1gina no\u00a0<\/strong><a style=\"font-style: inherit; font-weight: inherit;\" href=\"https:\/\/www.facebook.com\/CaririEmAcao\/?ref=aymt_homepage_panel\"><strong style=\"font-style: inherit;\">Facebook<\/strong><\/a>,<strong style=\"font-style: inherit;\">\u00a0<\/strong><a style=\"font-style: inherit; font-weight: inherit;\" href=\"https:\/\/www.instagram.com\/cariri_em_acao\/?hl=pt-br\"><strong style=\"font-style: inherit;\">Instagram<\/strong><\/a><strong style=\"font-style: inherit;\">\u00a0e\u00a0<\/strong><a style=\"font-style: inherit; font-weight: inherit;\" href=\"https:\/\/www.youtube.com\/channel\/UCAptA0jQuYQy8vMhLt2m4qg\"><strong style=\"font-style: inherit;\">Youtube<\/strong><\/a><strong style=\"font-style: inherit;\">\u00a0e veja nossas mat\u00e9rias, v\u00eddeos e fotos. Voc\u00ea tamb\u00e9m pode enviar informa\u00e7\u00f5es \u00e0 Reda\u00e7\u00e3o do Portal Cariri em A\u00e7\u00e3o pelo WhatsApp (83) 9 9634.5791, (83) 9 9601-1162.<\/strong><\/p>\n","protected":false},"excerpt":{"rendered":"<p>O programa Cariri em A\u00e7\u00e3o, deste s\u00e1bado, dia 17, na r\u00e1dio 95 FM,\u00a0 ser\u00e1 o prefeito de Sum\u00e9, \u00c9den Duarte. \u00c9den participa do programa para&hellip; <\/p>\n","protected":false},"author":2,"featured_media":20442,"comment_status":"closed","ping_status":"closed","sticky":false,"template":"","format":"standard","meta":{"sfsi_plus_gutenberg_text_before_share":"","sfsi_plus_gutenberg_show_text_before_share":"","sfsi_plus_gutenberg_icon_type":"","sfsi_plus_gutenberg_icon_alignemt":"","sfsi_plus_gutenburg_max_per_row":"","footnotes":""},"categories":[2],"tags":[],"class_list":["post-44506","post","type-post","status-publish","format-standard","has-post-thumbnail","hentry","category-geral"],"_links":{"self":[{"href":"https:\/\/www.caririemacao.com\/1\/wp-json\/wp\/v2\/posts\/44506","targetHints":{"allow":["GET"]}}],"collection":[{"href":"https:\/\/www.caririemacao.com\/1\/wp-json\/wp\/v2\/posts"}],"about":[{"href":"https:\/\/www.caririemacao.com\/1\/wp-json\/wp\/v2\/types\/post"}],"author":[{"embeddable":true,"href":"https:\/\/www.caririemacao.com\/1\/wp-json\/wp\/v2\/users\/2"}],"replies":[{"embeddable":true,"href":"https:\/\/www.caririemacao.com\/1\/wp-json\/wp\/v2\/comments?post=44506"}],"version-history":[{"count":0,"href":"https:\/\/www.caririemacao.com\/1\/wp-json\/wp\/v2\/posts\/44506\/revisions"}],"wp:featuredmedia":[{"embeddable":true,"href":"https:\/\/www.caririemacao.com\/1\/wp-json\/wp\/v2\/media\/20442"}],"wp:attachment":[{"href":"https:\/\/www.caririemacao.com\/1\/wp-json\/wp\/v2\/media?parent=44506"}],"wp:term":[{"taxonomy":"category","embeddable":true,"href":"https:\/\/www.caririemacao.com\/1\/wp-json\/wp\/v2\/categories?post=44506"},{"taxonomy":"post_tag","embeddable":true,"href":"https:\/\/www.caririemacao.com\/1\/wp-json\/wp\/v2\/tags?post=44506"}],"curies":[{"name":"wp","href":"https:\/\/api.w.org\/{rel}","templated":true}]}}